{"id":839,"date":"2019-11-28T16:44:18","date_gmt":"2019-11-28T16:44:18","guid":{"rendered":"https:\/\/nszzpwsrp.pl\/sample-page\/?p=839"},"modified":"2019-11-28T17:11:21","modified_gmt":"2019-11-28T17:11:21","slug":"nasz-stanowisko-w-kwestii-wynagrodzen-dyrektorow","status":"publish","type":"post","link":"https:\/\/nszzpwsrp.pl\/sample-page\/blog\/2019\/11\/28\/nasz-stanowisko-w-kwestii-wynagrodzen-dyrektorow\/","title":{"rendered":"Nasze stanowisko w kwestii wynagrodze\u0144 dyrektor\u00f3w"},"content":{"rendered":"\t\t<div data-elementor-type=\"wp-post\" data-elementor-id=\"839\" class=\"elementor elementor-839\">\n\t\t\t\t\t\t<div class=\"elementor-inner\">\n\t\t\t\t<div class=\"elementor-section-wrap\">\n\t\t\t\t\t\t\t\t\t<section class=\"elementor-section elementor-top-section elementor-element elementor-element-e71c7bd elementor-section-boxed elementor-section-height-default elementor-section-height-default\" data-id=\"e71c7bd\" data-element_type=\"section\">\n\t\t\t\t\t\t<div class=\"elementor-container elementor-column-gap-default\">\n\t\t\t\t\t\t\t<div class=\"elementor-row\">\n\t\t\t\t\t<div class=\"elementor-column elementor-col-100 elementor-top-column elementor-element elementor-element-2370cbd\" data-id=\"2370cbd\" data-element_type=\"column\">\n\t\t\t<div class=\"elementor-column-wrap elementor-element-populated\">\n\t\t\t\t\t\t\t<div class=\"elementor-widget-wrap\">\n\t\t\t\t\t\t<div class=\"elementor-element elementor-element-d2c8442 elementor-widget elementor-widget-text-editor\" data-id=\"d2c8442\" data-element_type=\"widget\" data-widget_type=\"text-editor.default\">\n\t\t\t\t<div class=\"elementor-widget-container\">\n\t\t\t\t\t\t\t\t<div class=\"elementor-text-editor elementor-clearfix\">\n\t\t\t\t<p>W zwi\u0105zku z pojawiaj\u0105cymi si\u0119 w przestrzeni publicznej nieprawdziwymi informacjami co do stanowiska NSZZ PWS RP w kwestii wynagrodze\u0144 dyrektor\u00f3w s\u0105d\u00f3w powszechnych przedstawiamy oficjalne stanowisko\u00a0<\/p><p><a href=\"https:\/\/nszzpwsrp.pl\/wp-content\/uploads\/2019\/11\/pismo-NSZZ-PWS-RP-z-12.11.2019-r..pdf\">w za\u0142\u0105czonym pi\u015bmie.\u00a0<\/a><\/p>\t\t\t\t\t<\/div>\n\t\t\t\t\t\t<\/div>\n\t\t\t\t<\/div>\n\t\t\t\t\t\t<\/div>\n\t\t\t\t\t<\/div>\n\t\t<\/div>\n\t\t\t\t\t\t\t\t<\/div>\n\t\t\t\t\t<\/div>\n\t\t<\/section>\n\t\t\t\t\t\t\t\t\t<\/div>\n\t\t\t<\/div>\n\t\t\t\t\t<\/div>\n\t\t","protected":false},"excerpt":{"rendered":"<p>W zwi\u0105zku z pojawiaj\u0105cymi si\u0119 w przestrzeni publicznej nieprawdziwymi informacjami co do stanowiska NSZZ PWS RP w kwestii wynagrodze\u0144 dyrektor\u00f3w s\u0105d\u00f3w powszechnych przedstawiamy oficjalne stanowisko&nbsp; w za\u0142\u0105czonym pi\u015bmie.&nbsp;<\/p>\n","protected":false},"author":1,"featured_media":837,"comment_status":"open","ping_status":"open","sticky":false,"template":"","format":"standard","meta":{"_bbp_topic_count":0,"_bbp_reply_count":0,"_bbp_total_topic_count":0,"_bbp_total_reply_count":0,"_bbp_voice_count":0,"_bbp_anonymous_reply_count":0,"_bbp_topic_count_hidden":0,"_bbp_reply_count_hidden":0,"_bbp_forum_subforum_count":0,"_jetpack_newsletter_access":""},"categories":[1],"tags":[],"yoast_head":"<!-- This site is optimized with the Yoast SEO plugin v19.11 - https:\/\/yoast.com\/wordpress\/plugins\/seo\/ -->\n<title>Nasze stanowisko w kwestii wynagrodze\u0144 dyrektor\u00f3w - NSZZ Pracownik\u00f3w Wymiaru Sprawiedliwo\u015bci RP<\/title>\n<meta name=\"robots\" content=\"index, follow, max-snippet:-1, max-image-preview:large, max-video-preview:-1\" \/>\n<link rel=\"canonical\" href=\"https:\/\/nszzpwsrp.pl\/sample-page\/blog\/2019\/11\/28\/nasz-stanowisko-w-kwestii-wynagrodzen-dyrektorow\/\" \/>\n<meta property=\"og:locale\" content=\"pl_PL\" \/>\n<meta property=\"og:type\" content=\"article\" \/>\n<meta property=\"og:title\" content=\"Nasze stanowisko w kwestii wynagrodze\u0144 dyrektor\u00f3w - NSZZ Pracownik\u00f3w Wymiaru Sprawiedliwo\u015bci RP\" \/>\n<meta property=\"og:description\" content=\"W zwi\u0105zku z pojawiaj\u0105cymi si\u0119 w przestrzeni publicznej nieprawdziwymi informacjami co do stanowiska NSZZ PWS RP w kwestii wynagrodze\u0144 dyrektor\u00f3w s\u0105d\u00f3w powszechnych przedstawiamy oficjalne stanowisko&nbsp; w za\u0142\u0105czonym pi\u015bmie.&nbsp;\" \/>\n<meta property=\"og:url\" content=\"https:\/\/nszzpwsrp.pl\/sample-page\/blog\/2019\/11\/28\/nasz-stanowisko-w-kwestii-wynagrodzen-dyrektorow\/\" \/>\n<meta property=\"og:site_name\" content=\"NSZZ Pracownik\u00f3w Wymiaru Sprawiedliwo\u015bci RP\" \/>\n<meta property=\"article:published_time\" content=\"2019-11-28T16:44:18+00:00\" \/>\n<meta property=\"article:modified_time\" content=\"2019-11-28T17:11:21+00:00\" \/>\n<meta property=\"og:image\" content=\"https:\/\/nszzpwsrp.pl\/wp-content\/uploads\/2019\/11\/dyrektor-e1574960907169.png\" \/>\n\t<meta property=\"og:image:width\" content=\"100\" \/>\n\t<meta property=\"og:image:height\" content=\"122\" \/>\n\t<meta property=\"og:image:type\" content=\"image\/png\" \/>\n<meta name=\"author\" content=\"admin\" \/>\n<meta name=\"twitter:card\" content=\"summary_large_image\" \/>\n<meta name=\"twitter:label1\" content=\"Napisane przez\" \/>\n\t<meta name=\"twitter:data1\" content=\"admin\" \/>\n<script type=\"application\/ld+json\" class=\"yoast-schema-graph\">{\"@context\":\"https:\/\/schema.org\",\"@graph\":[{\"@type\":\"Article\",\"@id\":\"https:\/\/nszzpwsrp.pl\/sample-page\/blog\/2019\/11\/28\/nasz-stanowisko-w-kwestii-wynagrodzen-dyrektorow\/#article\",\"isPartOf\":{\"@id\":\"https:\/\/nszzpwsrp.pl\/sample-page\/blog\/2019\/11\/28\/nasz-stanowisko-w-kwestii-wynagrodzen-dyrektorow\/\"},\"author\":{\"name\":\"admin\",\"@id\":\"https:\/\/nszzpwsrp.pl\/sample-page\/#\/schema\/person\/64b49ea93748f9033e2ea7b0609da7be\"},\"headline\":\"Nasze stanowisko w kwestii wynagrodze\u0144 dyrektor\u00f3w\",\"datePublished\":\"2019-11-28T16:44:18+00:00\",\"dateModified\":\"2019-11-28T17:11:21+00:00\",\"mainEntityOfPage\":{\"@id\":\"https:\/\/nszzpwsrp.pl\/sample-page\/blog\/2019\/11\/28\/nasz-stanowisko-w-kwestii-wynagrodzen-dyrektorow\/\"},\"wordCount\":44,\"commentCount\":0,\"publisher\":{\"@id\":\"https:\/\/nszzpwsrp.pl\/sample-page\/#organization\"},\"articleSection\":[\"NSZZ PWS RP\"],\"inLanguage\":\"pl-PL\",\"potentialAction\":[{\"@type\":\"CommentAction\",\"name\":\"Comment\",\"target\":[\"https:\/\/nszzpwsrp.pl\/sample-page\/blog\/2019\/11\/28\/nasz-stanowisko-w-kwestii-wynagrodzen-dyrektorow\/#respond\"]}]},{\"@type\":\"WebPage\",\"@id\":\"https:\/\/nszzpwsrp.pl\/sample-page\/blog\/2019\/11\/28\/nasz-stanowisko-w-kwestii-wynagrodzen-dyrektorow\/\",\"url\":\"https:\/\/nszzpwsrp.pl\/sample-page\/blog\/2019\/11\/28\/nasz-stanowisko-w-kwestii-wynagrodzen-dyrektorow\/\",\"name\":\"Nasze stanowisko w kwestii wynagrodze\u0144 dyrektor\u00f3w - NSZZ Pracownik\u00f3w Wymiaru Sprawiedliwo\u015bci RP\",\"isPartOf\":{\"@id\":\"https:\/\/nszzpwsrp.pl\/sample-page\/#website\"},\"datePublished\":\"2019-11-28T16:44:18+00:00\",\"dateModified\":\"2019-11-28T17:11:21+00:00\",\"breadcrumb\":{\"@id\":\"https:\/\/nszzpwsrp.pl\/sample-page\/blog\/2019\/11\/28\/nasz-stanowisko-w-kwestii-wynagrodzen-dyrektorow\/#breadcrumb\"},\"inLanguage\":\"pl-PL\",\"potentialAction\":[{\"@type\":\"ReadAction\",\"target\":[\"https:\/\/nszzpwsrp.pl\/sample-page\/blog\/2019\/11\/28\/nasz-stanowisko-w-kwestii-wynagrodzen-dyrektorow\/\"]}]},{\"@type\":\"BreadcrumbList\",\"@id\":\"https:\/\/nszzpwsrp.pl\/sample-page\/blog\/2019\/11\/28\/nasz-stanowisko-w-kwestii-wynagrodzen-dyrektorow\/#breadcrumb\",\"itemListElement\":[{\"@type\":\"ListItem\",\"position\":1,\"name\":\"Strona g\u0142\u00f3wna\",\"item\":\"https:\/\/nszzpwsrp.pl\/sample-page\/\"},{\"@type\":\"ListItem\",\"position\":2,\"name\":\"Nasze stanowisko w kwestii wynagrodze\u0144 dyrektor\u00f3w\"}]},{\"@type\":\"WebSite\",\"@id\":\"https:\/\/nszzpwsrp.pl\/sample-page\/#website\",\"url\":\"https:\/\/nszzpwsrp.pl\/sample-page\/\",\"name\":\"NSZZ Pracownik\u00f3w Wymiaru Sprawiedliwo\u015bci Rzeczypospolitej Polskiej\",\"description\":\"sta\u0142y cz\u0142onek Og\u00f3lnopolskiego Porozumienia Zwi\u0105zk\u00f3w Zawodowych i Europejskiej Konfederacji Zwi\u0105zk\u00f3w Zawodowych\",\"publisher\":{\"@id\":\"https:\/\/nszzpwsrp.pl\/sample-page\/#organization\"},\"potentialAction\":[{\"@type\":\"SearchAction\",\"target\":{\"@type\":\"EntryPoint\",\"urlTemplate\":\"https:\/\/nszzpwsrp.pl\/sample-page\/?s={search_term_string}\"},\"query-input\":\"required name=search_term_string\"}],\"inLanguage\":\"pl-PL\"},{\"@type\":\"Organization\",\"@id\":\"https:\/\/nszzpwsrp.pl\/sample-page\/#organization\",\"name\":\"NSZZ Pracownik\u00f3w Wymiaru Sprawiedliwo\u015bci Rzeczypospolitej Polskiej\",\"url\":\"https:\/\/nszzpwsrp.pl\/sample-page\/\",\"logo\":{\"@type\":\"ImageObject\",\"inLanguage\":\"pl-PL\",\"@id\":\"https:\/\/nszzpwsrp.pl\/sample-page\/#\/schema\/logo\/image\/\",\"url\":\"https:\/\/nszzpwsrp.pl\/wp-content\/uploads\/2018\/11\/logo-e1541235346564.png\",\"contentUrl\":\"https:\/\/nszzpwsrp.pl\/wp-content\/uploads\/2018\/11\/logo-e1541235346564.png\",\"width\":250,\"height\":250,\"caption\":\"NSZZ Pracownik\u00f3w Wymiaru Sprawiedliwo\u015bci Rzeczypospolitej Polskiej\"},\"image\":{\"@id\":\"https:\/\/nszzpwsrp.pl\/sample-page\/#\/schema\/logo\/image\/\"}},{\"@type\":\"Person\",\"@id\":\"https:\/\/nszzpwsrp.pl\/sample-page\/#\/schema\/person\/64b49ea93748f9033e2ea7b0609da7be\",\"name\":\"admin\"}]}<\/script>\n<!-- \/ Yoast SEO plugin. -->","yoast_head_json":{"title":"Nasze stanowisko w kwestii wynagrodze\u0144 dyrektor\u00f3w - NSZZ Pracownik\u00f3w Wymiaru Sprawiedliwo\u015bci RP","robots":{"index":"index","follow":"follow","max-snippet":"max-snippet:-1","max-image-preview":"max-image-preview:large","max-video-preview":"max-video-preview:-1"},"canonical":"https:\/\/nszzpwsrp.pl\/sample-page\/blog\/2019\/11\/28\/nasz-stanowisko-w-kwestii-wynagrodzen-dyrektorow\/","og_locale":"pl_PL","og_type":"article","og_title":"Nasze stanowisko w kwestii wynagrodze\u0144 dyrektor\u00f3w - NSZZ Pracownik\u00f3w Wymiaru Sprawiedliwo\u015bci RP","og_description":"W zwi\u0105zku z pojawiaj\u0105cymi si\u0119 w przestrzeni publicznej nieprawdziwymi informacjami co do stanowiska NSZZ PWS RP w kwestii wynagrodze\u0144 dyrektor\u00f3w s\u0105d\u00f3w powszechnych przedstawiamy oficjalne stanowisko&nbsp; w za\u0142\u0105czonym pi\u015bmie.&nbsp;","og_url":"https:\/\/nszzpwsrp.pl\/sample-page\/blog\/2019\/11\/28\/nasz-stanowisko-w-kwestii-wynagrodzen-dyrektorow\/","og_site_name":"NSZZ Pracownik\u00f3w Wymiaru Sprawiedliwo\u015bci RP","article_published_time":"2019-11-28T16:44:18+00:00","article_modified_time":"2019-11-28T17:11:21+00:00","og_image":[{"width":100,"height":122,"url":"https:\/\/nszzpwsrp.pl\/wp-content\/uploads\/2019\/11\/dyrektor-e1574960907169.png","type":"image\/png"}],"author":"admin","twitter_card":"summary_large_image","twitter_misc":{"Napisane przez":"admin"},"schema":{"@context":"https:\/\/schema.org","@graph":[{"@type":"Article","@id":"https:\/\/nszzpwsrp.pl\/sample-page\/blog\/2019\/11\/28\/nasz-stanowisko-w-kwestii-wynagrodzen-dyrektorow\/#article","isPartOf":{"@id":"https:\/\/nszzpwsrp.pl\/sample-page\/blog\/2019\/11\/28\/nasz-stanowisko-w-kwestii-wynagrodzen-dyrektorow\/"},"author":{"name":"admin","@id":"https:\/\/nszzpwsrp.pl\/sample-page\/#\/schema\/person\/64b49ea93748f9033e2ea7b0609da7be"},"headline":"Nasze stanowisko w kwestii wynagrodze\u0144 dyrektor\u00f3w","datePublished":"2019-11-28T16:44:18+00:00","dateModified":"2019-11-28T17:11:21+00:00","mainEntityOfPage":{"@id":"https:\/\/nszzpwsrp.pl\/sample-page\/blog\/2019\/11\/28\/nasz-stanowisko-w-kwestii-wynagrodzen-dyrektorow\/"},"wordCount":44,"commentCount":0,"publisher":{"@id":"https:\/\/nszzpwsrp.pl\/sample-page\/#organization"},"articleSection":["NSZZ PWS RP"],"inLanguage":"pl-PL","potentialAction":[{"@type":"CommentAction","name":"Comment","target":["https:\/\/nszzpwsrp.pl\/sample-page\/blog\/2019\/11\/28\/nasz-stanowisko-w-kwestii-wynagrodzen-dyrektorow\/#respond"]}]},{"@type":"WebPage","@id":"https:\/\/nszzpwsrp.pl\/sample-page\/blog\/2019\/11\/28\/nasz-stanowisko-w-kwestii-wynagrodzen-dyrektorow\/","url":"https:\/\/nszzpwsrp.pl\/sample-page\/blog\/2019\/11\/28\/nasz-stanowisko-w-kwestii-wynagrodzen-dyrektorow\/","name":"Nasze stanowisko w kwestii wynagrodze\u0144 dyrektor\u00f3w - NSZZ Pracownik\u00f3w Wymiaru Sprawiedliwo\u015bci RP","isPartOf":{"@id":"https:\/\/nszzpwsrp.pl\/sample-page\/#website"},"datePublished":"2019-11-28T16:44:18+00:00","dateModified":"2019-11-28T17:11:21+00:00","breadcrumb":{"@id":"https:\/\/nszzpwsrp.pl\/sample-page\/blog\/2019\/11\/28\/nasz-stanowisko-w-kwestii-wynagrodzen-dyrektorow\/#breadcrumb"},"inLanguage":"pl-PL","potentialAction":[{"@type":"ReadAction","target":["https:\/\/nszzpwsrp.pl\/sample-page\/blog\/2019\/11\/28\/nasz-stanowisko-w-kwestii-wynagrodzen-dyrektorow\/"]}]},{"@type":"BreadcrumbList","@id":"https:\/\/nszzpwsrp.pl\/sample-page\/blog\/2019\/11\/28\/nasz-stanowisko-w-kwestii-wynagrodzen-dyrektorow\/#breadcrumb","itemListElement":[{"@type":"ListItem","position":1,"name":"Strona g\u0142\u00f3wna","item":"https:\/\/nszzpwsrp.pl\/sample-page\/"},{"@type":"ListItem","position":2,"name":"Nasze stanowisko w kwestii wynagrodze\u0144 dyrektor\u00f3w"}]},{"@type":"WebSite","@id":"https:\/\/nszzpwsrp.pl\/sample-page\/#website","url":"https:\/\/nszzpwsrp.pl\/sample-page\/","name":"NSZZ Pracownik\u00f3w Wymiaru Sprawiedliwo\u015bci Rzeczypospolitej Polskiej","description":"sta\u0142y cz\u0142onek Og\u00f3lnopolskiego Porozumienia Zwi\u0105zk\u00f3w Zawodowych i Europejskiej Konfederacji Zwi\u0105zk\u00f3w Zawodowych","publisher":{"@id":"https:\/\/nszzpwsrp.pl\/sample-page\/#organization"},"potentialAction":[{"@type":"SearchAction","target":{"@type":"EntryPoint","urlTemplate":"https:\/\/nszzpwsrp.pl\/sample-page\/?s={search_term_string}"},"query-input":"required name=search_term_string"}],"inLanguage":"pl-PL"},{"@type":"Organization","@id":"https:\/\/nszzpwsrp.pl\/sample-page\/#organization","name":"NSZZ Pracownik\u00f3w Wymiaru Sprawiedliwo\u015bci Rzeczypospolitej Polskiej","url":"https:\/\/nszzpwsrp.pl\/sample-page\/","logo":{"@type":"ImageObject","inLanguage":"pl-PL","@id":"https:\/\/nszzpwsrp.pl\/sample-page\/#\/schema\/logo\/image\/","url":"https:\/\/nszzpwsrp.pl\/wp-content\/uploads\/2018\/11\/logo-e1541235346564.png","contentUrl":"https:\/\/nszzpwsrp.pl\/wp-content\/uploads\/2018\/11\/logo-e1541235346564.png","width":250,"height":250,"caption":"NSZZ Pracownik\u00f3w Wymiaru Sprawiedliwo\u015bci Rzeczypospolitej Polskiej"},"image":{"@id":"https:\/\/nszzpwsrp.pl\/sample-page\/#\/schema\/logo\/image\/"}},{"@type":"Person","@id":"https:\/\/nszzpwsrp.pl\/sample-page\/#\/schema\/person\/64b49ea93748f9033e2ea7b0609da7be","name":"admin"}]}},"jetpack_featured_media_url":"https:\/\/nszzpwsrp.pl\/wp-content\/uploads\/2019\/11\/dyrektor-e1574960907169.png","jetpack_sharing_enabled":true,"jetpack_shortlink":"https:\/\/wp.me\/patX8E-dx","_links":{"self":[{"href":"https:\/\/nszzpwsrp.pl\/sample-page\/wp-json\/wp\/v2\/posts\/839"}],"collection":[{"href":"https:\/\/nszzpwsrp.pl\/sample-page\/wp-json\/wp\/v2\/posts"}],"about":[{"href":"https:\/\/nszzpwsrp.pl\/sample-page\/wp-json\/wp\/v2\/types\/post"}],"author":[{"embeddable":true,"href":"https:\/\/nszzpwsrp.pl\/sample-page\/wp-json\/wp\/v2\/users\/1"}],"replies":[{"embeddable":true,"href":"https:\/\/nszzpwsrp.pl\/sample-page\/wp-json\/wp\/v2\/comments?post=839"}],"version-history":[{"count":7,"href":"https:\/\/nszzpwsrp.pl\/sample-page\/wp-json\/wp\/v2\/posts\/839\/revisions"}],"predecessor-version":[{"id":847,"href":"https:\/\/nszzpwsrp.pl\/sample-page\/wp-json\/wp\/v2\/posts\/839\/revisions\/847"}],"wp:featuredmedia":[{"embeddable":true,"href":"https:\/\/nszzpwsrp.pl\/sample-page\/wp-json\/wp\/v2\/media\/837"}],"wp:attachment":[{"href":"https:\/\/nszzpwsrp.pl\/sample-page\/wp-json\/wp\/v2\/media?parent=839"}],"wp:term":[{"taxonomy":"category","embeddable":true,"href":"https:\/\/nszzpwsrp.pl\/sample-page\/wp-json\/wp\/v2\/categories?post=839"},{"taxonomy":"post_tag","embeddable":true,"href":"https:\/\/nszzpwsrp.pl\/sample-page\/wp-json\/wp\/v2\/tags?post=839"}],"curies":[{"name":"wp","href":"https:\/\/api.w.org\/{rel}","templated":true}]}}