{"id":804,"date":"2019-11-24T15:04:35","date_gmt":"2019-11-24T15:04:35","guid":{"rendered":"https:\/\/nszzpwsrp.pl\/sample-page\/?p=804"},"modified":"2019-11-24T17:24:24","modified_gmt":"2019-11-24T17:24:24","slug":"ii-transza-450","status":"publish","type":"post","link":"https:\/\/nszzpwsrp.pl\/sample-page\/blog\/2019\/11\/24\/ii-transza-450\/","title":{"rendered":"II transza 450+"},"content":{"rendered":"\t\t<div data-elementor-type=\"wp-post\" data-elementor-id=\"804\" class=\"elementor elementor-804\">\n\t\t\t\t\t\t<div class=\"elementor-inner\">\n\t\t\t\t<div class=\"elementor-section-wrap\">\n\t\t\t\t\t\t\t\t\t<section class=\"elementor-section elementor-top-section elementor-element elementor-element-610a4d8b elementor-section-boxed elementor-section-height-default elementor-section-height-default\" data-id=\"610a4d8b\" data-element_type=\"section\">\n\t\t\t\t\t\t\t<div class=\"elementor-background-overlay\"><\/div>\n\t\t\t\t\t\t\t<div class=\"elementor-container elementor-column-gap-default\">\n\t\t\t\t\t\t\t<div class=\"elementor-row\">\n\t\t\t\t\t<div class=\"elementor-column elementor-col-100 elementor-top-column elementor-element elementor-element-79471b0d\" data-id=\"79471b0d\" data-element_type=\"column\">\n\t\t\t<div class=\"elementor-column-wrap elementor-element-populated\">\n\t\t\t\t\t\t\t<div class=\"elementor-widget-wrap\">\n\t\t\t\t\t\t<div class=\"elementor-element elementor-element-3da0a7cc elementor-widget elementor-widget-text-editor\" data-id=\"3da0a7cc\" data-element_type=\"widget\" data-settings=\"{&quot;_animation&quot;:&quot;none&quot;}\" data-widget_type=\"text-editor.default\">\n\t\t\t\t<div class=\"elementor-widget-container\">\n\t\t\t\t\t\t\t\t<div class=\"elementor-text-editor elementor-clearfix\">\n\t\t\t\t<p><!-- wp:paragraph --><\/p>\n<p>czy \u015brodki z II transzy 450+ powinny zosta\u0107 wykorzystane na niwelowanie dysproporcji w wynagrodzeniach?<\/p>\n<p><!-- \/wp:paragraph --><\/p>\n<p><!-- wp:paragraph --><\/p>\n<p>je\u017celi tak to czy w ca\u0142o\u015bci czy w cz\u0119\u015bci (wasze propozycje)?<\/p>\n<p><!-- \/wp:paragraph --><\/p>\n<p><!-- wp:paragraph --><\/p>\n<p>czy podzia\u0142 ww. \u015brodk\u00f3w winien uwzgl\u0119dnia\u0107 r\u00f3\u017cnicowanie na poszczeg\u00f3lne apelacje, czy te\u017c \u015brodki te powinny by\u0107 przyznane po r\u00f3wno na ka\u017cdy etat w apelacji, a na poziomie uzgodnie\u0144 apelacyjnych zostan\u0105 podzielone wsp\u00f3lnie ze z.z. ?<\/p>\n<p><!-- \/wp:paragraph --><\/p>\n<p><!-- wp:paragraph --><\/p>\n<p>czy tymi \u015brodkami nale\u017cy wyr\u00f3wnywa\u0107 r\u00f3\u017cnice w wynagrodzeniach pomi\u0119dzy s\u0105dami rejonowymi, okr\u0119gowymi i apelacyjnymi (je\u017celi tak to przedstawcie wasze sugestie dotycz\u0105ce sposobu r\u00f3wnania )?<\/p>\n<p><b><i><u>Szanowni Pa\u0144stwo,<\/u><\/i><\/b><\/p>\n<p><b><i>podzia\u0142y na jednostkach \u015brodk\u00f3w z I transzy dobitnie pokaza\u0142y jak\u0105 si\u0142\u0119 <\/i>sprawcz\u0105 maj\u0105 zwi\u0105zki zawodowe. To g\u0142\u00f3wnie dzi\u0119ki cz\u0142onkom z.z. w ww. sprawie\u00a0<\/b>z<b><i>adecydowa\u0142a wi\u0119kszo\u015b\u0107, a\u00a0 nie pojedy\u0144cze osoby lub nawet sami dyrektorzy- jak to mia\u0142o miejsce w jednostkach w kt\u00f3rych uzwi\u0105zkowienie jest zerowe b\u0105d\u017a &#8222;mizerne&#8221;. Dlatego NSZZ PWS RP zwraca si\u0119 do pracownik\u00f3w s\u0105d\u00f3w i prokuratur o wst\u0119powanie do struktur zwi\u0105zkowych, co niew\u0105tpliwie u\u0142atwi negocjacje zar\u00f3wno z przedstawicielami MS jak i dyrektorami s\u0105d\u00f3w powszechnych w sprawie podzia\u0142u II transzy 450+-zach\u0119camy do odwiedzenia zak\u0142adki\u00a0<\/i><a href=\"https:\/\/nszzpwsrp.pl\/sample-page\/dolacz-do-nas\/\">do\u0142\u0105cz do nas<\/a>.<i>\u00a0\u00a0<\/i><\/b><\/p>\n<p><!-- \/wp:paragraph --><\/p>\n<p><!-- wp:paragraph --><\/p>\n<p><strong><em>Komentujcie lub prze\u015blijcie wasze uwagi na 450@nszzpwsrp.pl<\/em><\/strong><\/p>\n<p><!-- \/wp:paragraph --><\/p>\t\t\t\t\t<\/div>\n\t\t\t\t\t\t<\/div>\n\t\t\t\t<\/div>\n\t\t\t\t\t\t<\/div>\n\t\t\t\t\t<\/div>\n\t\t<\/div>\n\t\t\t\t\t\t\t\t<\/div>\n\t\t\t\t\t<\/div>\n\t\t<\/section>\n\t\t\t\t\t\t\t\t\t<\/div>\n\t\t\t<\/div>\n\t\t\t\t\t<\/div>\n\t\t","protected":false},"excerpt":{"rendered":"<p>czy \u015brodki z II transzy 450+ powinny zosta\u0107 wykorzystane na niwelowanie dysproporcji w wynagrodzeniach? je\u017celi tak to czy w ca\u0142o\u015bci czy w cz\u0119\u015bci (wasze propozycje)? czy podzia\u0142 ww. \u015brodk\u00f3w winien uwzgl\u0119dnia\u0107 r\u00f3\u017cnicowanie na poszczeg\u00f3lne apelacje, czy te\u017c \u015brodki te powinny by\u0107 przyznane po r\u00f3wno na ka\u017cdy etat w apelacji, a na poziomie uzgodnie\u0144 apelacyjnych zostan\u0105 [&hellip;]<\/p>\n","protected":false},"author":1,"featured_media":712,"comment_status":"open","ping_status":"open","sticky":false,"template":"","format":"standard","meta":{"_bbp_topic_count":0,"_bbp_reply_count":0,"_bbp_total_topic_count":0,"_bbp_total_reply_count":0,"_bbp_voice_count":0,"_bbp_anonymous_reply_count":0,"_bbp_topic_count_hidden":0,"_bbp_reply_count_hidden":0,"_bbp_forum_subforum_count":0,"_jetpack_newsletter_access":""},"categories":[1],"tags":[],"yoast_head":"<!-- This site is optimized with the Yoast SEO plugin v19.11 - https:\/\/yoast.com\/wordpress\/plugins\/seo\/ -->\n<title>II transza 450+ - NSZZ Pracownik\u00f3w Wymiaru Sprawiedliwo\u015bci RP<\/title>\n<meta name=\"description\" content=\"Wasze sugestie co do sposobu podzia\u0142u \u015brodk\u00f3w 450+ z II transzy \u015brodk\u00f3w MS w nowym roku\" \/>\n<meta name=\"robots\" content=\"index, follow, max-snippet:-1, max-image-preview:large, max-video-preview:-1\" \/>\n<link rel=\"canonical\" href=\"https:\/\/nszzpwsrp.pl\/sample-page\/blog\/2019\/11\/24\/ii-transza-450\/\" \/>\n<meta property=\"og:locale\" content=\"pl_PL\" \/>\n<meta property=\"og:type\" content=\"article\" \/>\n<meta property=\"og:title\" content=\"II transza450+\" \/>\n<meta property=\"og:description\" content=\"Wasze sugestie co do sposobu podzia\u0142u \u015brodk\u00f3w 450+ z II transzy \u015brodk\u00f3w MS w nowym roku\" \/>\n<meta property=\"og:url\" content=\"https:\/\/nszzpwsrp.pl\/sample-page\/blog\/2019\/11\/24\/ii-transza-450\/\" \/>\n<meta property=\"og:site_name\" content=\"NSZZ Pracownik\u00f3w Wymiaru Sprawiedliwo\u015bci RP\" \/>\n<meta property=\"article:published_time\" content=\"2019-11-24T15:04:35+00:00\" \/>\n<meta property=\"article:modified_time\" content=\"2019-11-24T17:24:24+00:00\" \/>\n<meta property=\"og:image\" content=\"https:\/\/nszzpwsrp.pl\/wp-content\/uploads\/2018\/11\/logo-3-e1542127462510.png\" \/>\n\t<meta property=\"og:image:width\" content=\"100\" \/>\n\t<meta property=\"og:image:height\" content=\"100\" \/>\n\t<meta property=\"og:image:type\" content=\"image\/png\" \/>\n<meta name=\"author\" content=\"admin\" \/>\n<meta name=\"twitter:card\" content=\"summary_large_image\" \/>\n<meta name=\"twitter:label1\" content=\"Napisane przez\" \/>\n\t<meta name=\"twitter:data1\" content=\"admin\" \/>\n\t<meta name=\"twitter:label2\" content=\"Szacowany czas czytania\" \/>\n\t<meta name=\"twitter:data2\" content=\"1 minuta\" \/>\n<script type=\"application\/ld+json\" class=\"yoast-schema-graph\">{\"@context\":\"https:\/\/schema.org\",\"@graph\":[{\"@type\":\"Article\",\"@id\":\"https:\/\/nszzpwsrp.pl\/sample-page\/blog\/2019\/11\/24\/ii-transza-450\/#article\",\"isPartOf\":{\"@id\":\"https:\/\/nszzpwsrp.pl\/sample-page\/blog\/2019\/11\/24\/ii-transza-450\/\"},\"author\":{\"name\":\"admin\",\"@id\":\"https:\/\/nszzpwsrp.pl\/sample-page\/#\/schema\/person\/64b49ea93748f9033e2ea7b0609da7be\"},\"headline\":\"II transza 450+\",\"datePublished\":\"2019-11-24T15:04:35+00:00\",\"dateModified\":\"2019-11-24T17:24:24+00:00\",\"mainEntityOfPage\":{\"@id\":\"https:\/\/nszzpwsrp.pl\/sample-page\/blog\/2019\/11\/24\/ii-transza-450\/\"},\"wordCount\":233,\"commentCount\":0,\"publisher\":{\"@id\":\"https:\/\/nszzpwsrp.pl\/sample-page\/#organization\"},\"articleSection\":[\"NSZZ PWS RP\"],\"inLanguage\":\"pl-PL\",\"potentialAction\":[{\"@type\":\"CommentAction\",\"name\":\"Comment\",\"target\":[\"https:\/\/nszzpwsrp.pl\/sample-page\/blog\/2019\/11\/24\/ii-transza-450\/#respond\"]}]},{\"@type\":\"WebPage\",\"@id\":\"https:\/\/nszzpwsrp.pl\/sample-page\/blog\/2019\/11\/24\/ii-transza-450\/\",\"url\":\"https:\/\/nszzpwsrp.pl\/sample-page\/blog\/2019\/11\/24\/ii-transza-450\/\",\"name\":\"II transza 450+ - NSZZ Pracownik\u00f3w Wymiaru Sprawiedliwo\u015bci RP\",\"isPartOf\":{\"@id\":\"https:\/\/nszzpwsrp.pl\/sample-page\/#website\"},\"datePublished\":\"2019-11-24T15:04:35+00:00\",\"dateModified\":\"2019-11-24T17:24:24+00:00\",\"description\":\"Wasze sugestie co do sposobu podzia\u0142u \u015brodk\u00f3w 450+ z II transzy \u015brodk\u00f3w MS w nowym roku\",\"breadcrumb\":{\"@id\":\"https:\/\/nszzpwsrp.pl\/sample-page\/blog\/2019\/11\/24\/ii-transza-450\/#breadcrumb\"},\"inLanguage\":\"pl-PL\",\"potentialAction\":[{\"@type\":\"ReadAction\",\"target\":[\"https:\/\/nszzpwsrp.pl\/sample-page\/blog\/2019\/11\/24\/ii-transza-450\/\"]}]},{\"@type\":\"BreadcrumbList\",\"@id\":\"https:\/\/nszzpwsrp.pl\/sample-page\/blog\/2019\/11\/24\/ii-transza-450\/#breadcrumb\",\"itemListElement\":[{\"@type\":\"ListItem\",\"position\":1,\"name\":\"Strona g\u0142\u00f3wna\",\"item\":\"https:\/\/nszzpwsrp.pl\/sample-page\/\"},{\"@type\":\"ListItem\",\"position\":2,\"name\":\"II transza 450+\"}]},{\"@type\":\"WebSite\",\"@id\":\"https:\/\/nszzpwsrp.pl\/sample-page\/#website\",\"url\":\"https:\/\/nszzpwsrp.pl\/sample-page\/\",\"name\":\"NSZZ Pracownik\u00f3w Wymiaru Sprawiedliwo\u015bci Rzeczypospolitej Polskiej\",\"description\":\"sta\u0142y cz\u0142onek Og\u00f3lnopolskiego Porozumienia Zwi\u0105zk\u00f3w Zawodowych i Europejskiej Konfederacji Zwi\u0105zk\u00f3w Zawodowych\",\"publisher\":{\"@id\":\"https:\/\/nszzpwsrp.pl\/sample-page\/#organization\"},\"potentialAction\":[{\"@type\":\"SearchAction\",\"target\":{\"@type\":\"EntryPoint\",\"urlTemplate\":\"https:\/\/nszzpwsrp.pl\/sample-page\/?s={search_term_string}\"},\"query-input\":\"required name=search_term_string\"}],\"inLanguage\":\"pl-PL\"},{\"@type\":\"Organization\",\"@id\":\"https:\/\/nszzpwsrp.pl\/sample-page\/#organization\",\"name\":\"NSZZ Pracownik\u00f3w Wymiaru Sprawiedliwo\u015bci Rzeczypospolitej Polskiej\",\"url\":\"https:\/\/nszzpwsrp.pl\/sample-page\/\",\"logo\":{\"@type\":\"ImageObject\",\"inLanguage\":\"pl-PL\",\"@id\":\"https:\/\/nszzpwsrp.pl\/sample-page\/#\/schema\/logo\/image\/\",\"url\":\"https:\/\/nszzpwsrp.pl\/wp-content\/uploads\/2018\/11\/logo-e1541235346564.png\",\"contentUrl\":\"https:\/\/nszzpwsrp.pl\/wp-content\/uploads\/2018\/11\/logo-e1541235346564.png\",\"width\":250,\"height\":250,\"caption\":\"NSZZ Pracownik\u00f3w Wymiaru Sprawiedliwo\u015bci Rzeczypospolitej Polskiej\"},\"image\":{\"@id\":\"https:\/\/nszzpwsrp.pl\/sample-page\/#\/schema\/logo\/image\/\"}},{\"@type\":\"Person\",\"@id\":\"https:\/\/nszzpwsrp.pl\/sample-page\/#\/schema\/person\/64b49ea93748f9033e2ea7b0609da7be\",\"name\":\"admin\"}]}<\/script>\n<!-- \/ Yoast SEO plugin. -->","yoast_head_json":{"title":"II transza 450+ - NSZZ Pracownik\u00f3w Wymiaru Sprawiedliwo\u015bci RP","description":"Wasze sugestie co do sposobu podzia\u0142u \u015brodk\u00f3w 450+ z II transzy \u015brodk\u00f3w MS w nowym roku","robots":{"index":"index","follow":"follow","max-snippet":"max-snippet:-1","max-image-preview":"max-image-preview:large","max-video-preview":"max-video-preview:-1"},"canonical":"https:\/\/nszzpwsrp.pl\/sample-page\/blog\/2019\/11\/24\/ii-transza-450\/","og_locale":"pl_PL","og_type":"article","og_title":"II transza450+","og_description":"Wasze sugestie co do sposobu podzia\u0142u \u015brodk\u00f3w 450+ z II transzy \u015brodk\u00f3w MS w nowym roku","og_url":"https:\/\/nszzpwsrp.pl\/sample-page\/blog\/2019\/11\/24\/ii-transza-450\/","og_site_name":"NSZZ Pracownik\u00f3w Wymiaru Sprawiedliwo\u015bci RP","article_published_time":"2019-11-24T15:04:35+00:00","article_modified_time":"2019-11-24T17:24:24+00:00","og_image":[{"width":100,"height":100,"url":"https:\/\/nszzpwsrp.pl\/wp-content\/uploads\/2018\/11\/logo-3-e1542127462510.png","type":"image\/png"}],"author":"admin","twitter_card":"summary_large_image","twitter_misc":{"Napisane przez":"admin","Szacowany czas czytania":"1 minuta"},"schema":{"@context":"https:\/\/schema.org","@graph":[{"@type":"Article","@id":"https:\/\/nszzpwsrp.pl\/sample-page\/blog\/2019\/11\/24\/ii-transza-450\/#article","isPartOf":{"@id":"https:\/\/nszzpwsrp.pl\/sample-page\/blog\/2019\/11\/24\/ii-transza-450\/"},"author":{"name":"admin","@id":"https:\/\/nszzpwsrp.pl\/sample-page\/#\/schema\/person\/64b49ea93748f9033e2ea7b0609da7be"},"headline":"II transza 450+","datePublished":"2019-11-24T15:04:35+00:00","dateModified":"2019-11-24T17:24:24+00:00","mainEntityOfPage":{"@id":"https:\/\/nszzpwsrp.pl\/sample-page\/blog\/2019\/11\/24\/ii-transza-450\/"},"wordCount":233,"commentCount":0,"publisher":{"@id":"https:\/\/nszzpwsrp.pl\/sample-page\/#organization"},"articleSection":["NSZZ PWS RP"],"inLanguage":"pl-PL","potentialAction":[{"@type":"CommentAction","name":"Comment","target":["https:\/\/nszzpwsrp.pl\/sample-page\/blog\/2019\/11\/24\/ii-transza-450\/#respond"]}]},{"@type":"WebPage","@id":"https:\/\/nszzpwsrp.pl\/sample-page\/blog\/2019\/11\/24\/ii-transza-450\/","url":"https:\/\/nszzpwsrp.pl\/sample-page\/blog\/2019\/11\/24\/ii-transza-450\/","name":"II transza 450+ - NSZZ Pracownik\u00f3w Wymiaru Sprawiedliwo\u015bci RP","isPartOf":{"@id":"https:\/\/nszzpwsrp.pl\/sample-page\/#website"},"datePublished":"2019-11-24T15:04:35+00:00","dateModified":"2019-11-24T17:24:24+00:00","description":"Wasze sugestie co do sposobu podzia\u0142u \u015brodk\u00f3w 450+ z II transzy \u015brodk\u00f3w MS w nowym roku","breadcrumb":{"@id":"https:\/\/nszzpwsrp.pl\/sample-page\/blog\/2019\/11\/24\/ii-transza-450\/#breadcrumb"},"inLanguage":"pl-PL","potentialAction":[{"@type":"ReadAction","target":["https:\/\/nszzpwsrp.pl\/sample-page\/blog\/2019\/11\/24\/ii-transza-450\/"]}]},{"@type":"BreadcrumbList","@id":"https:\/\/nszzpwsrp.pl\/sample-page\/blog\/2019\/11\/24\/ii-transza-450\/#breadcrumb","itemListElement":[{"@type":"ListItem","position":1,"name":"Strona g\u0142\u00f3wna","item":"https:\/\/nszzpwsrp.pl\/sample-page\/"},{"@type":"ListItem","position":2,"name":"II transza 450+"}]},{"@type":"WebSite","@id":"https:\/\/nszzpwsrp.pl\/sample-page\/#website","url":"https:\/\/nszzpwsrp.pl\/sample-page\/","name":"NSZZ Pracownik\u00f3w Wymiaru Sprawiedliwo\u015bci Rzeczypospolitej Polskiej","description":"sta\u0142y cz\u0142onek Og\u00f3lnopolskiego Porozumienia Zwi\u0105zk\u00f3w Zawodowych i Europejskiej Konfederacji Zwi\u0105zk\u00f3w Zawodowych","publisher":{"@id":"https:\/\/nszzpwsrp.pl\/sample-page\/#organization"},"potentialAction":[{"@type":"SearchAction","target":{"@type":"EntryPoint","urlTemplate":"https:\/\/nszzpwsrp.pl\/sample-page\/?s={search_term_string}"},"query-input":"required name=search_term_string"}],"inLanguage":"pl-PL"},{"@type":"Organization","@id":"https:\/\/nszzpwsrp.pl\/sample-page\/#organization","name":"NSZZ Pracownik\u00f3w Wymiaru Sprawiedliwo\u015bci Rzeczypospolitej Polskiej","url":"https:\/\/nszzpwsrp.pl\/sample-page\/","logo":{"@type":"ImageObject","inLanguage":"pl-PL","@id":"https:\/\/nszzpwsrp.pl\/sample-page\/#\/schema\/logo\/image\/","url":"https:\/\/nszzpwsrp.pl\/wp-content\/uploads\/2018\/11\/logo-e1541235346564.png","contentUrl":"https:\/\/nszzpwsrp.pl\/wp-content\/uploads\/2018\/11\/logo-e1541235346564.png","width":250,"height":250,"caption":"NSZZ Pracownik\u00f3w Wymiaru Sprawiedliwo\u015bci Rzeczypospolitej Polskiej"},"image":{"@id":"https:\/\/nszzpwsrp.pl\/sample-page\/#\/schema\/logo\/image\/"}},{"@type":"Person","@id":"https:\/\/nszzpwsrp.pl\/sample-page\/#\/schema\/person\/64b49ea93748f9033e2ea7b0609da7be","name":"admin"}]}},"jetpack_featured_media_url":"https:\/\/nszzpwsrp.pl\/wp-content\/uploads\/2019\/07\/FB_IMG_1558775423882.jpg","jetpack_sharing_enabled":true,"jetpack_shortlink":"https:\/\/wp.me\/patX8E-cY","_links":{"self":[{"href":"https:\/\/nszzpwsrp.pl\/sample-page\/wp-json\/wp\/v2\/posts\/804"}],"collection":[{"href":"https:\/\/nszzpwsrp.pl\/sample-page\/wp-json\/wp\/v2\/posts"}],"about":[{"href":"https:\/\/nszzpwsrp.pl\/sample-page\/wp-json\/wp\/v2\/types\/post"}],"author":[{"embeddable":true,"href":"https:\/\/nszzpwsrp.pl\/sample-page\/wp-json\/wp\/v2\/users\/1"}],"replies":[{"embeddable":true,"href":"https:\/\/nszzpwsrp.pl\/sample-page\/wp-json\/wp\/v2\/comments?post=804"}],"version-history":[{"count":13,"href":"https:\/\/nszzpwsrp.pl\/sample-page\/wp-json\/wp\/v2\/posts\/804\/revisions"}],"predecessor-version":[{"id":818,"href":"https:\/\/nszzpwsrp.pl\/sample-page\/wp-json\/wp\/v2\/posts\/804\/revisions\/818"}],"wp:featuredmedia":[{"embeddable":true,"href":"https:\/\/nszzpwsrp.pl\/sample-page\/wp-json\/wp\/v2\/media\/712"}],"wp:attachment":[{"href":"https:\/\/nszzpwsrp.pl\/sample-page\/wp-json\/wp\/v2\/media?parent=804"}],"wp:term":[{"taxonomy":"category","embeddable":true,"href":"https:\/\/nszzpwsrp.pl\/sample-page\/wp-json\/wp\/v2\/categories?post=804"},{"taxonomy":"post_tag","embeddable":true,"href":"https:\/\/nszzpwsrp.pl\/sample-page\/wp-json\/wp\/v2\/tags?post=804"}],"curies":[{"name":"wp","href":"https:\/\/api.w.org\/{rel}","templated":true}]}}