{"id":637,"date":"2019-02-12T18:01:23","date_gmt":"2019-02-12T18:01:23","guid":{"rendered":"https:\/\/nszzpwsrp.pl\/sample-page\/?p=637"},"modified":"2019-02-12T18:01:40","modified_gmt":"2019-02-12T18:01:40","slug":"spotkanie-w-ms-w-dniu-8-lutego-2019-roku","status":"publish","type":"post","link":"https:\/\/nszzpwsrp.pl\/sample-page\/blog\/2019\/02\/12\/spotkanie-w-ms-w-dniu-8-lutego-2019-roku\/","title":{"rendered":"Spotkanie w MS w dniu 8 lutego 2019 roku"},"content":{"rendered":"\t\t<div data-elementor-type=\"wp-post\" data-elementor-id=\"637\" class=\"elementor elementor-637 elementor-bc-flex-widget\">\n\t\t\t\t\t\t<div class=\"elementor-inner\">\n\t\t\t\t<div class=\"elementor-section-wrap\">\n\t\t\t\t\t\t\t\t\t<section class=\"elementor-section elementor-top-section elementor-element elementor-element-6f814efc elementor-section-boxed elementor-section-height-default elementor-section-height-default\" data-id=\"6f814efc\" data-element_type=\"section\">\n\t\t\t\t\t\t<div class=\"elementor-container elementor-column-gap-default\">\n\t\t\t\t\t\t\t<div class=\"elementor-row\">\n\t\t\t\t\t<div class=\"elementor-column elementor-col-100 elementor-top-column elementor-element elementor-element-6cf3414e\" data-id=\"6cf3414e\" data-element_type=\"column\">\n\t\t\t<div class=\"elementor-column-wrap elementor-element-populated\">\n\t\t\t\t\t\t\t<div class=\"elementor-widget-wrap\">\n\t\t\t\t\t\t<div class=\"elementor-element elementor-element-7c716ef elementor-widget elementor-widget-text-editor\" data-id=\"7c716ef\" data-element_type=\"widget\" data-widget_type=\"text-editor.default\">\n\t\t\t\t<div class=\"elementor-widget-container\">\n\t\t\t\t\t\t\t\t<div class=\"elementor-text-editor elementor-clearfix\">\n\t\t\t\t<!-- wp:gallery -->\n<ul class=\"wp-block-gallery columns-0 is-cropped\"><\/ul>\n<!-- \/wp:gallery -->\n\n<!-- wp:paragraph -->\n<p><\/p>\n<!-- \/wp:paragraph -->\t\t\t\t\t<\/div>\n\t\t\t\t\t\t<\/div>\n\t\t\t\t<\/div>\n\t\t\t\t\t\t<\/div>\n\t\t\t\t\t<\/div>\n\t\t<\/div>\n\t\t\t\t\t\t\t\t<\/div>\n\t\t\t\t\t<\/div>\n\t\t<\/section>\n\t\t\t\t<section class=\"elementor-section elementor-top-section elementor-element elementor-element-e255521 elementor-section-stretched elementor-section-boxed elementor-section-height-default elementor-section-height-default\" data-id=\"e255521\" data-element_type=\"section\" data-settings=\"{&quot;stretch_section&quot;:&quot;section-stretched&quot;}\">\n\t\t\t\t\t\t<div class=\"elementor-container elementor-column-gap-default\">\n\t\t\t\t\t\t\t<div class=\"elementor-row\">\n\t\t\t\t\t<div class=\"elementor-column elementor-col-100 elementor-top-column elementor-element elementor-element-94d0d11\" data-id=\"94d0d11\" data-element_type=\"column\">\n\t\t\t<div class=\"elementor-column-wrap elementor-element-populated\">\n\t\t\t\t\t\t\t<div class=\"elementor-widget-wrap\">\n\t\t\t\t\t\t<div class=\"elementor-element elementor-element-b8aefb9 elementor-icon-list--layout-traditional elementor-list-item-link-full_width elementor-widget elementor-widget-icon-list\" data-id=\"b8aefb9\" data-element_type=\"widget\" data-widget_type=\"icon-list.default\">\n\t\t\t\t<div class=\"elementor-widget-container\">\n\t\t\t\t\t<ul class=\"elementor-icon-list-items\">\n\t\t\t\t\t\t\t<li class=\"elementor-icon-list-item\">\n\t\t\t\t\t\t\t\t\t\t\t<span class=\"elementor-icon-list-icon\">\n\t\t\t\t\t\t\t\t\t\t\t\t\t\t\t\t<i class=\"fa fa-check\" aria-hidden=\"true\"><\/i>\n\t\t\t\t\t\t\t\t\t\t\t\t\t<\/span>\n\t\t\t\t\t\t\t\t\t\t<span class=\"elementor-icon-list-text\"><b><u>Dobitna wypowied\u017a Pani Joanny Bitner- Prezes SO Warszawa-<\/u><\/b><br><b>Pani Prezes przedstawi\u0142a katastrofaln\u0105 sytuacje kadrow\u0105 w SO Warszawa.  Jednocze\u015bnie zwr\u00f3ci\u0142a uwag\u0119 na fakt, i\u017c w przypadku braku dodatkowych \u015brodk\u00f3w na wynagrodzenia dojdzie ju\u017c w czerwcu 2019 roku do sytuacji w kt\u00f3rej b\u0119dzie zmuszona zamkn\u0105\u0107 S\u0105d w jeden dzie\u0144 roboczy w tygodniu ze wzgl\u0119du na brak pracownik\u00f3w.<\/b><\/span>\n\t\t\t\t\t\t\t\t\t<\/li>\n\t\t\t\t\t\t\t\t<li class=\"elementor-icon-list-item\">\n\t\t\t\t\t\t\t\t\t\t\t<span class=\"elementor-icon-list-icon\">\n\t\t\t\t\t\t\t\t\t\t\t\t\t\t\t\t<i class=\"fa fa-times\" aria-hidden=\"true\"><\/i>\n\t\t\t\t\t\t\t\t\t\t\t\t\t<\/span>\n\t\t\t\t\t\t\t\t\t\t<span class=\"elementor-icon-list-text\"><b><u>Minister W\u00f3jcik poinformowa\u0142 obecnych o:<\/u><\/b><br><b>przekazaniu \u015brodk\u00f3w w wysoko\u015bci 5,7 mln. z\u0142. na awans kurator\u00f3w;<\/b><br><b>zwi\u0119kszeniu stawki bieg\u0142ych t\u0142umaczy o 50%;<\/b><br><b>odblokowanie \u015brodk\u00f3w na podwy\u017cki dla pracownik\u00f3w \"niepedagogicznych\" zak\u0142ad\u00f3w poprawczych w 2020 roku;<\/b><br><b>kontynuacja prac nad pozyskaniem \u015brodk\u00f3w z tzw. \"kilometr\u00f3wek\" i \"mieszkani\u00f3wek\" s\u0119dzi\u00f3w;<br>prace nad odci\u0105\u017ceniem s\u0105d\u00f3w z PEFRON-u;<\/b><br><b>kwota 200 z\u0142. w 2019 roku przeznaczona na podwy\u017cki nie obejmuje dodatk\u00f3w sta\u017cowych- \u015brodki dodatkowe na ten cel z MS lub s\u0105d\u00f3w;<\/b><br><b>za\u0142o\u017cenia do projektu bud\u017cetu na 2020 rok do 11 marca 2019 roku ma trafi\u0107 do MF.<\/b><br><\/span>\n\t\t\t\t\t\t\t\t\t<\/li>\n\t\t\t\t\t\t\t\t<li class=\"elementor-icon-list-item\">\n\t\t\t\t\t\t\t\t\t\t\t<span class=\"elementor-icon-list-icon\">\n\t\t\t\t\t\t\t\t\t\t\t\t\t\t\t\t<i class=\"fa fa-dot-circle-o\" aria-hidden=\"true\"><\/i>\n\t\t\t\t\t\t\t\t\t\t\t\t\t<\/span>\n\t\t\t\t\t\t\t\t\t\t<span class=\"elementor-icon-list-text\"><b>Przewodnicz\u0105cy NSZZ PWS RP Piotr Doma\u0144ski odnosz\u0105c si\u0119 do wypowiedzi Pani Prezes SO Warszawa zwr\u00f3ci\u0142 uwag\u0119, i\u017c w decyzji MS z 22 maja 2018 roku przekazano kwot\u0119 10 mln. (z 32 mln. na wszystkie s\u0105dy powszechne) na dodatki do wynagrodze\u0144 tylko na ww. jednostk\u0119. Po 7 miesi\u0105cach sytuacja ta si\u0119 znowu powtarza, gdy\u017c takie dora\u017ane dzia\u0142ania nie poprawi\u0105 sytuacji w ww. S\u0105dzie,  a jedynie  systemowe rozwi\u0105zania. <\/b><br><b>Dodatkowo poinformowa\u0142 obecnych o orientacyjnej kwocie (tj. <\/b><u>1.150.000<\/u><b> z\u0142.) kt\u00f3ra doprowadzi\u0142a by do uzyskania poziomu wynagrodze\u0144 pracownik\u00f3w s\u0105d\u00f3w z roku 2008 (gdy \u015brednie zarobki  w s\u0105dach  zbli\u017cone by\u0142y do \u015bredniej krajowej).<\/b><\/span>\n\t\t\t\t\t\t\t\t\t<\/li>\n\t\t\t\t\t\t<\/ul>\n\t\t\t\t<\/div>\n\t\t\t\t<\/div>\n\t\t\t\t\t\t<\/div>\n\t\t\t\t\t<\/div>\n\t\t<\/div>\n\t\t\t\t\t\t\t\t<\/div>\n\t\t\t\t\t<\/div>\n\t\t<\/section>\n\t\t\t\t\t\t\t\t\t<\/div>\n\t\t\t<\/div>\n\t\t\t\t\t<\/div>\n\t\t","protected":false},"excerpt":{"rendered":"<p>Dobitna wypowied\u017a Pani Joanny Bitner- Prezes SO Warszawa-Pani Prezes przedstawi\u0142a katastrofaln\u0105 sytuacje kadrow\u0105 w SO Warszawa. Jednocze\u015bnie zwr\u00f3ci\u0142a uwag\u0119 na fakt, i\u017c w przypadku braku dodatkowych \u015brodk\u00f3w na wynagrodzenia dojdzie ju\u017c w czerwcu 2019 roku do sytuacji w kt\u00f3rej b\u0119dzie zmuszona zamkn\u0105\u0107 S\u0105d w jeden dzie\u0144 roboczy w tygodniu ze wzgl\u0119du na brak pracownik\u00f3w. Minister [&hellip;]<\/p>\n","protected":false},"author":1,"featured_media":0,"comment_status":"open","ping_status":"open","sticky":false,"template":"","format":"standard","meta":{"_bbp_topic_count":0,"_bbp_reply_count":0,"_bbp_total_topic_count":0,"_bbp_total_reply_count":0,"_bbp_voice_count":0,"_bbp_anonymous_reply_count":0,"_bbp_topic_count_hidden":0,"_bbp_reply_count_hidden":0,"_bbp_forum_subforum_count":0,"_jetpack_newsletter_access":""},"categories":[1],"tags":[],"yoast_head":"<!-- This site is optimized with the Yoast SEO plugin v19.11 - https:\/\/yoast.com\/wordpress\/plugins\/seo\/ -->\n<title>Spotkanie w MS w dniu 8 lutego 2019 roku - NSZZ Pracownik\u00f3w Wymiaru Sprawiedliwo\u015bci RP<\/title>\n<meta name=\"robots\" content=\"index, follow, max-snippet:-1, max-image-preview:large, max-video-preview:-1\" \/>\n<link rel=\"canonical\" href=\"https:\/\/nszzpwsrp.pl\/sample-page\/blog\/2019\/02\/12\/spotkanie-w-ms-w-dniu-8-lutego-2019-roku\/\" \/>\n<meta property=\"og:locale\" content=\"pl_PL\" \/>\n<meta property=\"og:type\" content=\"article\" \/>\n<meta property=\"og:title\" content=\"Spotkanie w MS w dniu 8 lutego 2019 roku - NSZZ Pracownik\u00f3w Wymiaru Sprawiedliwo\u015bci RP\" \/>\n<meta property=\"og:description\" content=\"Dobitna wypowied\u017a Pani Joanny Bitner- Prezes SO Warszawa-Pani Prezes przedstawi\u0142a katastrofaln\u0105 sytuacje kadrow\u0105 w SO Warszawa. Jednocze\u015bnie zwr\u00f3ci\u0142a uwag\u0119 na fakt, i\u017c w przypadku braku dodatkowych \u015brodk\u00f3w na wynagrodzenia dojdzie ju\u017c w czerwcu 2019 roku do sytuacji w kt\u00f3rej b\u0119dzie zmuszona zamkn\u0105\u0107 S\u0105d w jeden dzie\u0144 roboczy w tygodniu ze wzgl\u0119du na brak pracownik\u00f3w. Minister [&hellip;]\" \/>\n<meta property=\"og:url\" content=\"https:\/\/nszzpwsrp.pl\/sample-page\/blog\/2019\/02\/12\/spotkanie-w-ms-w-dniu-8-lutego-2019-roku\/\" \/>\n<meta property=\"og:site_name\" content=\"NSZZ Pracownik\u00f3w Wymiaru Sprawiedliwo\u015bci RP\" \/>\n<meta property=\"article:published_time\" content=\"2019-02-12T18:01:23+00:00\" \/>\n<meta property=\"article:modified_time\" content=\"2019-02-12T18:01:40+00:00\" \/>\n<meta name=\"author\" content=\"admin\" \/>\n<meta name=\"twitter:card\" content=\"summary_large_image\" \/>\n<meta name=\"twitter:label1\" content=\"Napisane przez\" \/>\n\t<meta name=\"twitter:data1\" content=\"admin\" \/>\n\t<meta name=\"twitter:label2\" content=\"Szacowany czas czytania\" \/>\n\t<meta name=\"twitter:data2\" content=\"1 minuta\" \/>\n<script type=\"application\/ld+json\" class=\"yoast-schema-graph\">{\"@context\":\"https:\/\/schema.org\",\"@graph\":[{\"@type\":\"Article\",\"@id\":\"https:\/\/nszzpwsrp.pl\/sample-page\/blog\/2019\/02\/12\/spotkanie-w-ms-w-dniu-8-lutego-2019-roku\/#article\",\"isPartOf\":{\"@id\":\"https:\/\/nszzpwsrp.pl\/sample-page\/blog\/2019\/02\/12\/spotkanie-w-ms-w-dniu-8-lutego-2019-roku\/\"},\"author\":{\"name\":\"admin\",\"@id\":\"https:\/\/nszzpwsrp.pl\/sample-page\/#\/schema\/person\/64b49ea93748f9033e2ea7b0609da7be\"},\"headline\":\"Spotkanie w MS w dniu 8 lutego 2019 roku\",\"datePublished\":\"2019-02-12T18:01:23+00:00\",\"dateModified\":\"2019-02-12T18:01:40+00:00\",\"mainEntityOfPage\":{\"@id\":\"https:\/\/nszzpwsrp.pl\/sample-page\/blog\/2019\/02\/12\/spotkanie-w-ms-w-dniu-8-lutego-2019-roku\/\"},\"wordCount\":287,\"commentCount\":0,\"publisher\":{\"@id\":\"https:\/\/nszzpwsrp.pl\/sample-page\/#organization\"},\"articleSection\":[\"NSZZ PWS RP\"],\"inLanguage\":\"pl-PL\",\"potentialAction\":[{\"@type\":\"CommentAction\",\"name\":\"Comment\",\"target\":[\"https:\/\/nszzpwsrp.pl\/sample-page\/blog\/2019\/02\/12\/spotkanie-w-ms-w-dniu-8-lutego-2019-roku\/#respond\"]}]},{\"@type\":\"WebPage\",\"@id\":\"https:\/\/nszzpwsrp.pl\/sample-page\/blog\/2019\/02\/12\/spotkanie-w-ms-w-dniu-8-lutego-2019-roku\/\",\"url\":\"https:\/\/nszzpwsrp.pl\/sample-page\/blog\/2019\/02\/12\/spotkanie-w-ms-w-dniu-8-lutego-2019-roku\/\",\"name\":\"Spotkanie w MS w dniu 8 lutego 2019 roku - NSZZ Pracownik\u00f3w Wymiaru Sprawiedliwo\u015bci RP\",\"isPartOf\":{\"@id\":\"https:\/\/nszzpwsrp.pl\/sample-page\/#website\"},\"datePublished\":\"2019-02-12T18:01:23+00:00\",\"dateModified\":\"2019-02-12T18:01:40+00:00\",\"breadcrumb\":{\"@id\":\"https:\/\/nszzpwsrp.pl\/sample-page\/blog\/2019\/02\/12\/spotkanie-w-ms-w-dniu-8-lutego-2019-roku\/#breadcrumb\"},\"inLanguage\":\"pl-PL\",\"potentialAction\":[{\"@type\":\"ReadAction\",\"target\":[\"https:\/\/nszzpwsrp.pl\/sample-page\/blog\/2019\/02\/12\/spotkanie-w-ms-w-dniu-8-lutego-2019-roku\/\"]}]},{\"@type\":\"BreadcrumbList\",\"@id\":\"https:\/\/nszzpwsrp.pl\/sample-page\/blog\/2019\/02\/12\/spotkanie-w-ms-w-dniu-8-lutego-2019-roku\/#breadcrumb\",\"itemListElement\":[{\"@type\":\"ListItem\",\"position\":1,\"name\":\"Strona g\u0142\u00f3wna\",\"item\":\"https:\/\/nszzpwsrp.pl\/sample-page\/\"},{\"@type\":\"ListItem\",\"position\":2,\"name\":\"Spotkanie w MS w dniu 8 lutego 2019 roku\"}]},{\"@type\":\"WebSite\",\"@id\":\"https:\/\/nszzpwsrp.pl\/sample-page\/#website\",\"url\":\"https:\/\/nszzpwsrp.pl\/sample-page\/\",\"name\":\"NSZZ Pracownik\u00f3w Wymiaru Sprawiedliwo\u015bci Rzeczypospolitej Polskiej\",\"description\":\"sta\u0142y cz\u0142onek Og\u00f3lnopolskiego Porozumienia Zwi\u0105zk\u00f3w Zawodowych i Europejskiej Konfederacji Zwi\u0105zk\u00f3w Zawodowych\",\"publisher\":{\"@id\":\"https:\/\/nszzpwsrp.pl\/sample-page\/#organization\"},\"potentialAction\":[{\"@type\":\"SearchAction\",\"target\":{\"@type\":\"EntryPoint\",\"urlTemplate\":\"https:\/\/nszzpwsrp.pl\/sample-page\/?s={search_term_string}\"},\"query-input\":\"required name=search_term_string\"}],\"inLanguage\":\"pl-PL\"},{\"@type\":\"Organization\",\"@id\":\"https:\/\/nszzpwsrp.pl\/sample-page\/#organization\",\"name\":\"NSZZ Pracownik\u00f3w Wymiaru Sprawiedliwo\u015bci Rzeczypospolitej Polskiej\",\"url\":\"https:\/\/nszzpwsrp.pl\/sample-page\/\",\"logo\":{\"@type\":\"ImageObject\",\"inLanguage\":\"pl-PL\",\"@id\":\"https:\/\/nszzpwsrp.pl\/sample-page\/#\/schema\/logo\/image\/\",\"url\":\"https:\/\/nszzpwsrp.pl\/wp-content\/uploads\/2018\/11\/logo-e1541235346564.png\",\"contentUrl\":\"https:\/\/nszzpwsrp.pl\/wp-content\/uploads\/2018\/11\/logo-e1541235346564.png\",\"width\":250,\"height\":250,\"caption\":\"NSZZ Pracownik\u00f3w Wymiaru Sprawiedliwo\u015bci Rzeczypospolitej Polskiej\"},\"image\":{\"@id\":\"https:\/\/nszzpwsrp.pl\/sample-page\/#\/schema\/logo\/image\/\"}},{\"@type\":\"Person\",\"@id\":\"https:\/\/nszzpwsrp.pl\/sample-page\/#\/schema\/person\/64b49ea93748f9033e2ea7b0609da7be\",\"name\":\"admin\"}]}<\/script>\n<!-- \/ Yoast SEO plugin. -->","yoast_head_json":{"title":"Spotkanie w MS w dniu 8 lutego 2019 roku - NSZZ Pracownik\u00f3w Wymiaru Sprawiedliwo\u015bci RP","robots":{"index":"index","follow":"follow","max-snippet":"max-snippet:-1","max-image-preview":"max-image-preview:large","max-video-preview":"max-video-preview:-1"},"canonical":"https:\/\/nszzpwsrp.pl\/sample-page\/blog\/2019\/02\/12\/spotkanie-w-ms-w-dniu-8-lutego-2019-roku\/","og_locale":"pl_PL","og_type":"article","og_title":"Spotkanie w MS w dniu 8 lutego 2019 roku - NSZZ Pracownik\u00f3w Wymiaru Sprawiedliwo\u015bci RP","og_description":"Dobitna wypowied\u017a Pani Joanny Bitner- Prezes SO Warszawa-Pani Prezes przedstawi\u0142a katastrofaln\u0105 sytuacje kadrow\u0105 w SO Warszawa. Jednocze\u015bnie zwr\u00f3ci\u0142a uwag\u0119 na fakt, i\u017c w przypadku braku dodatkowych \u015brodk\u00f3w na wynagrodzenia dojdzie ju\u017c w czerwcu 2019 roku do sytuacji w kt\u00f3rej b\u0119dzie zmuszona zamkn\u0105\u0107 S\u0105d w jeden dzie\u0144 roboczy w tygodniu ze wzgl\u0119du na brak pracownik\u00f3w. Minister [&hellip;]","og_url":"https:\/\/nszzpwsrp.pl\/sample-page\/blog\/2019\/02\/12\/spotkanie-w-ms-w-dniu-8-lutego-2019-roku\/","og_site_name":"NSZZ Pracownik\u00f3w Wymiaru Sprawiedliwo\u015bci RP","article_published_time":"2019-02-12T18:01:23+00:00","article_modified_time":"2019-02-12T18:01:40+00:00","author":"admin","twitter_card":"summary_large_image","twitter_misc":{"Napisane przez":"admin","Szacowany czas czytania":"1 minuta"},"schema":{"@context":"https:\/\/schema.org","@graph":[{"@type":"Article","@id":"https:\/\/nszzpwsrp.pl\/sample-page\/blog\/2019\/02\/12\/spotkanie-w-ms-w-dniu-8-lutego-2019-roku\/#article","isPartOf":{"@id":"https:\/\/nszzpwsrp.pl\/sample-page\/blog\/2019\/02\/12\/spotkanie-w-ms-w-dniu-8-lutego-2019-roku\/"},"author":{"name":"admin","@id":"https:\/\/nszzpwsrp.pl\/sample-page\/#\/schema\/person\/64b49ea93748f9033e2ea7b0609da7be"},"headline":"Spotkanie w MS w dniu 8 lutego 2019 roku","datePublished":"2019-02-12T18:01:23+00:00","dateModified":"2019-02-12T18:01:40+00:00","mainEntityOfPage":{"@id":"https:\/\/nszzpwsrp.pl\/sample-page\/blog\/2019\/02\/12\/spotkanie-w-ms-w-dniu-8-lutego-2019-roku\/"},"wordCount":287,"commentCount":0,"publisher":{"@id":"https:\/\/nszzpwsrp.pl\/sample-page\/#organization"},"articleSection":["NSZZ PWS RP"],"inLanguage":"pl-PL","potentialAction":[{"@type":"CommentAction","name":"Comment","target":["https:\/\/nszzpwsrp.pl\/sample-page\/blog\/2019\/02\/12\/spotkanie-w-ms-w-dniu-8-lutego-2019-roku\/#respond"]}]},{"@type":"WebPage","@id":"https:\/\/nszzpwsrp.pl\/sample-page\/blog\/2019\/02\/12\/spotkanie-w-ms-w-dniu-8-lutego-2019-roku\/","url":"https:\/\/nszzpwsrp.pl\/sample-page\/blog\/2019\/02\/12\/spotkanie-w-ms-w-dniu-8-lutego-2019-roku\/","name":"Spotkanie w MS w dniu 8 lutego 2019 roku - NSZZ Pracownik\u00f3w Wymiaru Sprawiedliwo\u015bci RP","isPartOf":{"@id":"https:\/\/nszzpwsrp.pl\/sample-page\/#website"},"datePublished":"2019-02-12T18:01:23+00:00","dateModified":"2019-02-12T18:01:40+00:00","breadcrumb":{"@id":"https:\/\/nszzpwsrp.pl\/sample-page\/blog\/2019\/02\/12\/spotkanie-w-ms-w-dniu-8-lutego-2019-roku\/#breadcrumb"},"inLanguage":"pl-PL","potentialAction":[{"@type":"ReadAction","target":["https:\/\/nszzpwsrp.pl\/sample-page\/blog\/2019\/02\/12\/spotkanie-w-ms-w-dniu-8-lutego-2019-roku\/"]}]},{"@type":"BreadcrumbList","@id":"https:\/\/nszzpwsrp.pl\/sample-page\/blog\/2019\/02\/12\/spotkanie-w-ms-w-dniu-8-lutego-2019-roku\/#breadcrumb","itemListElement":[{"@type":"ListItem","position":1,"name":"Strona g\u0142\u00f3wna","item":"https:\/\/nszzpwsrp.pl\/sample-page\/"},{"@type":"ListItem","position":2,"name":"Spotkanie w MS w dniu 8 lutego 2019 roku"}]},{"@type":"WebSite","@id":"https:\/\/nszzpwsrp.pl\/sample-page\/#website","url":"https:\/\/nszzpwsrp.pl\/sample-page\/","name":"NSZZ Pracownik\u00f3w Wymiaru Sprawiedliwo\u015bci Rzeczypospolitej Polskiej","description":"sta\u0142y cz\u0142onek Og\u00f3lnopolskiego Porozumienia Zwi\u0105zk\u00f3w Zawodowych i Europejskiej Konfederacji Zwi\u0105zk\u00f3w Zawodowych","publisher":{"@id":"https:\/\/nszzpwsrp.pl\/sample-page\/#organization"},"potentialAction":[{"@type":"SearchAction","target":{"@type":"EntryPoint","urlTemplate":"https:\/\/nszzpwsrp.pl\/sample-page\/?s={search_term_string}"},"query-input":"required name=search_term_string"}],"inLanguage":"pl-PL"},{"@type":"Organization","@id":"https:\/\/nszzpwsrp.pl\/sample-page\/#organization","name":"NSZZ Pracownik\u00f3w Wymiaru Sprawiedliwo\u015bci Rzeczypospolitej Polskiej","url":"https:\/\/nszzpwsrp.pl\/sample-page\/","logo":{"@type":"ImageObject","inLanguage":"pl-PL","@id":"https:\/\/nszzpwsrp.pl\/sample-page\/#\/schema\/logo\/image\/","url":"https:\/\/nszzpwsrp.pl\/wp-content\/uploads\/2018\/11\/logo-e1541235346564.png","contentUrl":"https:\/\/nszzpwsrp.pl\/wp-content\/uploads\/2018\/11\/logo-e1541235346564.png","width":250,"height":250,"caption":"NSZZ Pracownik\u00f3w Wymiaru Sprawiedliwo\u015bci Rzeczypospolitej Polskiej"},"image":{"@id":"https:\/\/nszzpwsrp.pl\/sample-page\/#\/schema\/logo\/image\/"}},{"@type":"Person","@id":"https:\/\/nszzpwsrp.pl\/sample-page\/#\/schema\/person\/64b49ea93748f9033e2ea7b0609da7be","name":"admin"}]}},"jetpack_featured_media_url":"","jetpack_sharing_enabled":true,"jetpack_shortlink":"https:\/\/wp.me\/patX8E-ah","_links":{"self":[{"href":"https:\/\/nszzpwsrp.pl\/sample-page\/wp-json\/wp\/v2\/posts\/637"}],"collection":[{"href":"https:\/\/nszzpwsrp.pl\/sample-page\/wp-json\/wp\/v2\/posts"}],"about":[{"href":"https:\/\/nszzpwsrp.pl\/sample-page\/wp-json\/wp\/v2\/types\/post"}],"author":[{"embeddable":true,"href":"https:\/\/nszzpwsrp.pl\/sample-page\/wp-json\/wp\/v2\/users\/1"}],"replies":[{"embeddable":true,"href":"https:\/\/nszzpwsrp.pl\/sample-page\/wp-json\/wp\/v2\/comments?post=637"}],"version-history":[{"count":3,"href":"https:\/\/nszzpwsrp.pl\/sample-page\/wp-json\/wp\/v2\/posts\/637\/revisions"}],"predecessor-version":[{"id":640,"href":"https:\/\/nszzpwsrp.pl\/sample-page\/wp-json\/wp\/v2\/posts\/637\/revisions\/640"}],"wp:attachment":[{"href":"https:\/\/nszzpwsrp.pl\/sample-page\/wp-json\/wp\/v2\/media?parent=637"}],"wp:term":[{"taxonomy":"category","embeddable":true,"href":"https:\/\/nszzpwsrp.pl\/sample-page\/wp-json\/wp\/v2\/categories?post=637"},{"taxonomy":"post_tag","embeddable":true,"href":"https:\/\/nszzpwsrp.pl\/sample-page\/wp-json\/wp\/v2\/tags?post=637"}],"curies":[{"name":"wp","href":"https:\/\/api.w.org\/{rel}","templated":true}]}}