{"id":473,"date":"2018-11-28T14:20:48","date_gmt":"2018-11-28T14:20:48","guid":{"rendered":"https:\/\/nszzpwsrp.pl\/sample-page\/?p=473"},"modified":"2018-11-28T15:04:00","modified_gmt":"2018-11-28T15:04:00","slug":"nagrody-dla-pracownik-wymiaru-sprawiedliwosci","status":"publish","type":"post","link":"https:\/\/nszzpwsrp.pl\/sample-page\/blog\/2018\/11\/28\/nagrody-dla-pracownik-wymiaru-sprawiedliwosci\/","title":{"rendered":"Minister Sprawiedliwo\u015bci przekaza\u0142 \u015brodki na nagrody dla pracownik\u00f3w wymiaru sprawiedliwo\u015bci"},"content":{"rendered":"\t\t<div data-elementor-type=\"wp-post\" data-elementor-id=\"473\" class=\"elementor elementor-473 elementor-bc-flex-widget\">\n\t\t\t\t\t\t<div class=\"elementor-inner\">\n\t\t\t\t<div class=\"elementor-section-wrap\">\n\t\t\t\t\t\t\t\t\t<section class=\"elementor-section elementor-top-section elementor-element elementor-element-3cf371fc elementor-section-boxed elementor-section-height-default elementor-section-height-default\" data-id=\"3cf371fc\" data-element_type=\"section\">\n\t\t\t\t\t\t<div class=\"elementor-container elementor-column-gap-default\">\n\t\t\t\t\t\t\t<div class=\"elementor-row\">\n\t\t\t\t\t<div class=\"elementor-column elementor-col-100 elementor-top-column elementor-element elementor-element-65ae910\" data-id=\"65ae910\" data-element_type=\"column\">\n\t\t\t<div class=\"elementor-column-wrap elementor-element-populated\">\n\t\t\t\t\t\t\t<div class=\"elementor-widget-wrap\">\n\t\t\t\t\t\t<div class=\"elementor-element elementor-element-4b4f41ea elementor-widget elementor-widget-text-editor\" data-id=\"4b4f41ea\" data-element_type=\"widget\" data-widget_type=\"text-editor.default\">\n\t\t\t\t<div class=\"elementor-widget-container\">\n\t\t\t\t\t\t\t\t<div class=\"elementor-text-editor elementor-clearfix\">\n\t\t\t\t<p>W dniu 28 listopada 2018 roku uruchomione zosta\u0142y \u015brodki na nagrody dla pracownik\u00f3w wymiaru sprawiedliwo\u015bci.\u00a0 O wysoko\u015bci oraz dacie realizacji wyp\u0142at poinformujemy Pa\u0144stwa niezw\u0142ocznie.<\/p><p>Aby dowiedzie\u0107 si\u0119 wi\u0119cej wejd\u017a w ww. wpis na\u00a0<a href=\"https:\/\/nszzpwsrp.pl\/wp-content\/uploads\/2018\/11\/20181128-List-Ministra-Sprawiedliwo\u015bci-do-Pracownik\u00f3w-1.pdf\"><b><u>link\u00a0 pismo MS<\/u><\/b><\/a><\/p>\t\t\t\t\t<\/div>\n\t\t\t\t\t\t<\/div>\n\t\t\t\t<\/div>\n\t\t\t\t\t\t<\/div>\n\t\t\t\t\t<\/div>\n\t\t<\/div>\n\t\t\t\t\t\t\t\t<\/div>\n\t\t\t\t\t<\/div>\n\t\t<\/section>\n\t\t\t\t\t\t\t\t\t<\/div>\n\t\t\t<\/div>\n\t\t\t\t\t<\/div>\n\t\t","protected":false},"excerpt":{"rendered":"<p>W dniu 28 listopada 2018 roku uruchomione zosta\u0142y \u015brodki na nagrody dla pracownik\u00f3w wymiaru sprawiedliwo\u015bci.\u00a0 O wysoko\u015bci oraz dacie realizacji wyp\u0142at poinformujemy Pa\u0144stwa niezw\u0142ocznie. Aby dowiedzie\u0107 si\u0119 wi\u0119cej wejd\u017a w ww. wpis na\u00a0link\u00a0 pismo MS<\/p>\n","protected":false},"author":1,"featured_media":0,"comment_status":"open","ping_status":"open","sticky":false,"template":"","format":"standard","meta":{"_bbp_topic_count":0,"_bbp_reply_count":0,"_bbp_total_topic_count":0,"_bbp_total_reply_count":0,"_bbp_voice_count":0,"_bbp_anonymous_reply_count":0,"_bbp_topic_count_hidden":0,"_bbp_reply_count_hidden":0,"_bbp_forum_subforum_count":0,"_jetpack_newsletter_access":""},"categories":[1],"tags":[],"yoast_head":"<!-- This site is optimized with the Yoast SEO plugin v19.11 - https:\/\/yoast.com\/wordpress\/plugins\/seo\/ -->\n<title>Minister Sprawiedliwo\u015bci przekaza\u0142 \u015brodki na nagrody dla pracownik\u00f3w wymiaru sprawiedliwo\u015bci - NSZZ Pracownik\u00f3w Wymiaru Sprawiedliwo\u015bci RP<\/title>\n<meta name=\"description\" content=\"nagrody dla pracownik wymiaru sprawiedliwo\u015bci\" \/>\n<meta name=\"robots\" content=\"index, follow, max-snippet:-1, max-image-preview:large, max-video-preview:-1\" \/>\n<link rel=\"canonical\" href=\"https:\/\/nszzpwsrp.pl\/sample-page\/blog\/2018\/11\/28\/nagrody-dla-pracownik-wymiaru-sprawiedliwosci\/\" \/>\n<meta property=\"og:locale\" content=\"pl_PL\" \/>\n<meta property=\"og:type\" content=\"article\" \/>\n<meta property=\"og:title\" content=\"Minister Sprawiedliwo\u015bci przekaza\u0142 \u015brodki na nagrody dla pracownik\u00f3w wymiaru sprawiedliwo\u015bci - NSZZ Pracownik\u00f3w Wymiaru Sprawiedliwo\u015bci RP\" \/>\n<meta property=\"og:description\" content=\"nagrody dla pracownik wymiaru sprawiedliwo\u015bci\" \/>\n<meta property=\"og:url\" content=\"https:\/\/nszzpwsrp.pl\/sample-page\/blog\/2018\/11\/28\/nagrody-dla-pracownik-wymiaru-sprawiedliwosci\/\" \/>\n<meta property=\"og:site_name\" content=\"NSZZ Pracownik\u00f3w Wymiaru Sprawiedliwo\u015bci RP\" \/>\n<meta property=\"article:published_time\" content=\"2018-11-28T14:20:48+00:00\" \/>\n<meta property=\"article:modified_time\" content=\"2018-11-28T15:04:00+00:00\" \/>\n<meta name=\"author\" content=\"admin\" \/>\n<meta name=\"twitter:card\" content=\"summary_large_image\" \/>\n<meta name=\"twitter:label1\" content=\"Napisane przez\" \/>\n\t<meta name=\"twitter:data1\" content=\"admin\" \/>\n<script type=\"application\/ld+json\" class=\"yoast-schema-graph\">{\"@context\":\"https:\/\/schema.org\",\"@graph\":[{\"@type\":\"Article\",\"@id\":\"https:\/\/nszzpwsrp.pl\/sample-page\/blog\/2018\/11\/28\/nagrody-dla-pracownik-wymiaru-sprawiedliwosci\/#article\",\"isPartOf\":{\"@id\":\"https:\/\/nszzpwsrp.pl\/sample-page\/blog\/2018\/11\/28\/nagrody-dla-pracownik-wymiaru-sprawiedliwosci\/\"},\"author\":{\"name\":\"admin\",\"@id\":\"https:\/\/nszzpwsrp.pl\/sample-page\/#\/schema\/person\/64b49ea93748f9033e2ea7b0609da7be\"},\"headline\":\"Minister Sprawiedliwo\u015bci przekaza\u0142 \u015brodki na nagrody dla pracownik\u00f3w wymiaru sprawiedliwo\u015bci\",\"datePublished\":\"2018-11-28T14:20:48+00:00\",\"dateModified\":\"2018-11-28T15:04:00+00:00\",\"mainEntityOfPage\":{\"@id\":\"https:\/\/nszzpwsrp.pl\/sample-page\/blog\/2018\/11\/28\/nagrody-dla-pracownik-wymiaru-sprawiedliwosci\/\"},\"wordCount\":55,\"commentCount\":0,\"publisher\":{\"@id\":\"https:\/\/nszzpwsrp.pl\/sample-page\/#organization\"},\"articleSection\":[\"NSZZ PWS RP\"],\"inLanguage\":\"pl-PL\",\"potentialAction\":[{\"@type\":\"CommentAction\",\"name\":\"Comment\",\"target\":[\"https:\/\/nszzpwsrp.pl\/sample-page\/blog\/2018\/11\/28\/nagrody-dla-pracownik-wymiaru-sprawiedliwosci\/#respond\"]}]},{\"@type\":\"WebPage\",\"@id\":\"https:\/\/nszzpwsrp.pl\/sample-page\/blog\/2018\/11\/28\/nagrody-dla-pracownik-wymiaru-sprawiedliwosci\/\",\"url\":\"https:\/\/nszzpwsrp.pl\/sample-page\/blog\/2018\/11\/28\/nagrody-dla-pracownik-wymiaru-sprawiedliwosci\/\",\"name\":\"Minister Sprawiedliwo\u015bci przekaza\u0142 \u015brodki na nagrody dla pracownik\u00f3w wymiaru sprawiedliwo\u015bci - NSZZ Pracownik\u00f3w Wymiaru Sprawiedliwo\u015bci RP\",\"isPartOf\":{\"@id\":\"https:\/\/nszzpwsrp.pl\/sample-page\/#website\"},\"datePublished\":\"2018-11-28T14:20:48+00:00\",\"dateModified\":\"2018-11-28T15:04:00+00:00\",\"description\":\"nagrody dla pracownik wymiaru sprawiedliwo\u015bci\",\"breadcrumb\":{\"@id\":\"https:\/\/nszzpwsrp.pl\/sample-page\/blog\/2018\/11\/28\/nagrody-dla-pracownik-wymiaru-sprawiedliwosci\/#breadcrumb\"},\"inLanguage\":\"pl-PL\",\"potentialAction\":[{\"@type\":\"ReadAction\",\"target\":[\"https:\/\/nszzpwsrp.pl\/sample-page\/blog\/2018\/11\/28\/nagrody-dla-pracownik-wymiaru-sprawiedliwosci\/\"]}]},{\"@type\":\"BreadcrumbList\",\"@id\":\"https:\/\/nszzpwsrp.pl\/sample-page\/blog\/2018\/11\/28\/nagrody-dla-pracownik-wymiaru-sprawiedliwosci\/#breadcrumb\",\"itemListElement\":[{\"@type\":\"ListItem\",\"position\":1,\"name\":\"Strona g\u0142\u00f3wna\",\"item\":\"https:\/\/nszzpwsrp.pl\/sample-page\/\"},{\"@type\":\"ListItem\",\"position\":2,\"name\":\"Minister Sprawiedliwo\u015bci przekaza\u0142 \u015brodki na nagrody dla pracownik\u00f3w wymiaru sprawiedliwo\u015bci\"}]},{\"@type\":\"WebSite\",\"@id\":\"https:\/\/nszzpwsrp.pl\/sample-page\/#website\",\"url\":\"https:\/\/nszzpwsrp.pl\/sample-page\/\",\"name\":\"NSZZ Pracownik\u00f3w Wymiaru Sprawiedliwo\u015bci Rzeczypospolitej Polskiej\",\"description\":\"sta\u0142y cz\u0142onek Og\u00f3lnopolskiego Porozumienia Zwi\u0105zk\u00f3w Zawodowych i Europejskiej Konfederacji Zwi\u0105zk\u00f3w Zawodowych\",\"publisher\":{\"@id\":\"https:\/\/nszzpwsrp.pl\/sample-page\/#organization\"},\"potentialAction\":[{\"@type\":\"SearchAction\",\"target\":{\"@type\":\"EntryPoint\",\"urlTemplate\":\"https:\/\/nszzpwsrp.pl\/sample-page\/?s={search_term_string}\"},\"query-input\":\"required name=search_term_string\"}],\"inLanguage\":\"pl-PL\"},{\"@type\":\"Organization\",\"@id\":\"https:\/\/nszzpwsrp.pl\/sample-page\/#organization\",\"name\":\"NSZZ Pracownik\u00f3w Wymiaru Sprawiedliwo\u015bci Rzeczypospolitej Polskiej\",\"url\":\"https:\/\/nszzpwsrp.pl\/sample-page\/\",\"logo\":{\"@type\":\"ImageObject\",\"inLanguage\":\"pl-PL\",\"@id\":\"https:\/\/nszzpwsrp.pl\/sample-page\/#\/schema\/logo\/image\/\",\"url\":\"https:\/\/nszzpwsrp.pl\/wp-content\/uploads\/2018\/11\/logo-e1541235346564.png\",\"contentUrl\":\"https:\/\/nszzpwsrp.pl\/wp-content\/uploads\/2018\/11\/logo-e1541235346564.png\",\"width\":250,\"height\":250,\"caption\":\"NSZZ Pracownik\u00f3w Wymiaru Sprawiedliwo\u015bci Rzeczypospolitej Polskiej\"},\"image\":{\"@id\":\"https:\/\/nszzpwsrp.pl\/sample-page\/#\/schema\/logo\/image\/\"}},{\"@type\":\"Person\",\"@id\":\"https:\/\/nszzpwsrp.pl\/sample-page\/#\/schema\/person\/64b49ea93748f9033e2ea7b0609da7be\",\"name\":\"admin\"}]}<\/script>\n<!-- \/ Yoast SEO plugin. -->","yoast_head_json":{"title":"Minister Sprawiedliwo\u015bci przekaza\u0142 \u015brodki na nagrody dla pracownik\u00f3w wymiaru sprawiedliwo\u015bci - NSZZ Pracownik\u00f3w Wymiaru Sprawiedliwo\u015bci RP","description":"nagrody dla pracownik wymiaru sprawiedliwo\u015bci","robots":{"index":"index","follow":"follow","max-snippet":"max-snippet:-1","max-image-preview":"max-image-preview:large","max-video-preview":"max-video-preview:-1"},"canonical":"https:\/\/nszzpwsrp.pl\/sample-page\/blog\/2018\/11\/28\/nagrody-dla-pracownik-wymiaru-sprawiedliwosci\/","og_locale":"pl_PL","og_type":"article","og_title":"Minister Sprawiedliwo\u015bci przekaza\u0142 \u015brodki na nagrody dla pracownik\u00f3w wymiaru sprawiedliwo\u015bci - NSZZ Pracownik\u00f3w Wymiaru Sprawiedliwo\u015bci RP","og_description":"nagrody dla pracownik wymiaru sprawiedliwo\u015bci","og_url":"https:\/\/nszzpwsrp.pl\/sample-page\/blog\/2018\/11\/28\/nagrody-dla-pracownik-wymiaru-sprawiedliwosci\/","og_site_name":"NSZZ Pracownik\u00f3w Wymiaru Sprawiedliwo\u015bci RP","article_published_time":"2018-11-28T14:20:48+00:00","article_modified_time":"2018-11-28T15:04:00+00:00","author":"admin","twitter_card":"summary_large_image","twitter_misc":{"Napisane przez":"admin"},"schema":{"@context":"https:\/\/schema.org","@graph":[{"@type":"Article","@id":"https:\/\/nszzpwsrp.pl\/sample-page\/blog\/2018\/11\/28\/nagrody-dla-pracownik-wymiaru-sprawiedliwosci\/#article","isPartOf":{"@id":"https:\/\/nszzpwsrp.pl\/sample-page\/blog\/2018\/11\/28\/nagrody-dla-pracownik-wymiaru-sprawiedliwosci\/"},"author":{"name":"admin","@id":"https:\/\/nszzpwsrp.pl\/sample-page\/#\/schema\/person\/64b49ea93748f9033e2ea7b0609da7be"},"headline":"Minister Sprawiedliwo\u015bci przekaza\u0142 \u015brodki na nagrody dla pracownik\u00f3w wymiaru sprawiedliwo\u015bci","datePublished":"2018-11-28T14:20:48+00:00","dateModified":"2018-11-28T15:04:00+00:00","mainEntityOfPage":{"@id":"https:\/\/nszzpwsrp.pl\/sample-page\/blog\/2018\/11\/28\/nagrody-dla-pracownik-wymiaru-sprawiedliwosci\/"},"wordCount":55,"commentCount":0,"publisher":{"@id":"https:\/\/nszzpwsrp.pl\/sample-page\/#organization"},"articleSection":["NSZZ PWS RP"],"inLanguage":"pl-PL","potentialAction":[{"@type":"CommentAction","name":"Comment","target":["https:\/\/nszzpwsrp.pl\/sample-page\/blog\/2018\/11\/28\/nagrody-dla-pracownik-wymiaru-sprawiedliwosci\/#respond"]}]},{"@type":"WebPage","@id":"https:\/\/nszzpwsrp.pl\/sample-page\/blog\/2018\/11\/28\/nagrody-dla-pracownik-wymiaru-sprawiedliwosci\/","url":"https:\/\/nszzpwsrp.pl\/sample-page\/blog\/2018\/11\/28\/nagrody-dla-pracownik-wymiaru-sprawiedliwosci\/","name":"Minister Sprawiedliwo\u015bci przekaza\u0142 \u015brodki na nagrody dla pracownik\u00f3w wymiaru sprawiedliwo\u015bci - NSZZ Pracownik\u00f3w Wymiaru Sprawiedliwo\u015bci RP","isPartOf":{"@id":"https:\/\/nszzpwsrp.pl\/sample-page\/#website"},"datePublished":"2018-11-28T14:20:48+00:00","dateModified":"2018-11-28T15:04:00+00:00","description":"nagrody dla pracownik wymiaru sprawiedliwo\u015bci","breadcrumb":{"@id":"https:\/\/nszzpwsrp.pl\/sample-page\/blog\/2018\/11\/28\/nagrody-dla-pracownik-wymiaru-sprawiedliwosci\/#breadcrumb"},"inLanguage":"pl-PL","potentialAction":[{"@type":"ReadAction","target":["https:\/\/nszzpwsrp.pl\/sample-page\/blog\/2018\/11\/28\/nagrody-dla-pracownik-wymiaru-sprawiedliwosci\/"]}]},{"@type":"BreadcrumbList","@id":"https:\/\/nszzpwsrp.pl\/sample-page\/blog\/2018\/11\/28\/nagrody-dla-pracownik-wymiaru-sprawiedliwosci\/#breadcrumb","itemListElement":[{"@type":"ListItem","position":1,"name":"Strona g\u0142\u00f3wna","item":"https:\/\/nszzpwsrp.pl\/sample-page\/"},{"@type":"ListItem","position":2,"name":"Minister Sprawiedliwo\u015bci przekaza\u0142 \u015brodki na nagrody dla pracownik\u00f3w wymiaru sprawiedliwo\u015bci"}]},{"@type":"WebSite","@id":"https:\/\/nszzpwsrp.pl\/sample-page\/#website","url":"https:\/\/nszzpwsrp.pl\/sample-page\/","name":"NSZZ Pracownik\u00f3w Wymiaru Sprawiedliwo\u015bci Rzeczypospolitej Polskiej","description":"sta\u0142y cz\u0142onek Og\u00f3lnopolskiego Porozumienia Zwi\u0105zk\u00f3w Zawodowych i Europejskiej Konfederacji Zwi\u0105zk\u00f3w Zawodowych","publisher":{"@id":"https:\/\/nszzpwsrp.pl\/sample-page\/#organization"},"potentialAction":[{"@type":"SearchAction","target":{"@type":"EntryPoint","urlTemplate":"https:\/\/nszzpwsrp.pl\/sample-page\/?s={search_term_string}"},"query-input":"required name=search_term_string"}],"inLanguage":"pl-PL"},{"@type":"Organization","@id":"https:\/\/nszzpwsrp.pl\/sample-page\/#organization","name":"NSZZ Pracownik\u00f3w Wymiaru Sprawiedliwo\u015bci Rzeczypospolitej Polskiej","url":"https:\/\/nszzpwsrp.pl\/sample-page\/","logo":{"@type":"ImageObject","inLanguage":"pl-PL","@id":"https:\/\/nszzpwsrp.pl\/sample-page\/#\/schema\/logo\/image\/","url":"https:\/\/nszzpwsrp.pl\/wp-content\/uploads\/2018\/11\/logo-e1541235346564.png","contentUrl":"https:\/\/nszzpwsrp.pl\/wp-content\/uploads\/2018\/11\/logo-e1541235346564.png","width":250,"height":250,"caption":"NSZZ Pracownik\u00f3w Wymiaru Sprawiedliwo\u015bci Rzeczypospolitej Polskiej"},"image":{"@id":"https:\/\/nszzpwsrp.pl\/sample-page\/#\/schema\/logo\/image\/"}},{"@type":"Person","@id":"https:\/\/nszzpwsrp.pl\/sample-page\/#\/schema\/person\/64b49ea93748f9033e2ea7b0609da7be","name":"admin"}]}},"jetpack_featured_media_url":"","jetpack_sharing_enabled":true,"jetpack_shortlink":"https:\/\/wp.me\/patX8E-7D","_links":{"self":[{"href":"https:\/\/nszzpwsrp.pl\/sample-page\/wp-json\/wp\/v2\/posts\/473"}],"collection":[{"href":"https:\/\/nszzpwsrp.pl\/sample-page\/wp-json\/wp\/v2\/posts"}],"about":[{"href":"https:\/\/nszzpwsrp.pl\/sample-page\/wp-json\/wp\/v2\/types\/post"}],"author":[{"embeddable":true,"href":"https:\/\/nszzpwsrp.pl\/sample-page\/wp-json\/wp\/v2\/users\/1"}],"replies":[{"embeddable":true,"href":"https:\/\/nszzpwsrp.pl\/sample-page\/wp-json\/wp\/v2\/comments?post=473"}],"version-history":[{"count":7,"href":"https:\/\/nszzpwsrp.pl\/sample-page\/wp-json\/wp\/v2\/posts\/473\/revisions"}],"predecessor-version":[{"id":483,"href":"https:\/\/nszzpwsrp.pl\/sample-page\/wp-json\/wp\/v2\/posts\/473\/revisions\/483"}],"wp:attachment":[{"href":"https:\/\/nszzpwsrp.pl\/sample-page\/wp-json\/wp\/v2\/media?parent=473"}],"wp:term":[{"taxonomy":"category","embeddable":true,"href":"https:\/\/nszzpwsrp.pl\/sample-page\/wp-json\/wp\/v2\/categories?post=473"},{"taxonomy":"post_tag","embeddable":true,"href":"https:\/\/nszzpwsrp.pl\/sample-page\/wp-json\/wp\/v2\/tags?post=473"}],"curies":[{"name":"wp","href":"https:\/\/api.w.org\/{rel}","templated":true}]}}