{"id":225,"date":"2018-11-08T21:19:19","date_gmt":"2018-11-08T21:19:19","guid":{"rendered":"http:\/\/nszzpwsrp.pl\/sample-page\/?p=225"},"modified":"2018-11-08T22:00:28","modified_gmt":"2018-11-08T22:00:28","slug":"zespol-ds-opracowania-zalozen-projektu-ustawy-o-pracownikach-sadow-i-prokuratur","status":"publish","type":"post","link":"https:\/\/nszzpwsrp.pl\/sample-page\/blog\/2018\/11\/08\/zespol-ds-opracowania-zalozen-projektu-ustawy-o-pracownikach-sadow-i-prokuratur\/","title":{"rendered":"Zesp\u00f3\u0142 ds. opracowania za\u0142o\u017ce\u0144 projektu ustawy o pracownikach s\u0105d\u00f3w i prokuratur"},"content":{"rendered":"\t\t<div data-elementor-type=\"wp-post\" data-elementor-id=\"225\" class=\"elementor elementor-225 elementor-bc-flex-widget\">\n\t\t\t\t\t\t<div class=\"elementor-inner\">\n\t\t\t\t<div class=\"elementor-section-wrap\">\n\t\t\t\t\t\t\t\t\t<section class=\"elementor-section elementor-top-section elementor-element elementor-element-0e3cd78 elementor-section-boxed elementor-section-height-default elementor-section-height-default\" data-id=\"0e3cd78\" data-element_type=\"section\">\n\t\t\t\t\t\t<div class=\"elementor-container elementor-column-gap-default\">\n\t\t\t\t\t\t\t<div class=\"elementor-row\">\n\t\t\t\t\t<div class=\"elementor-column elementor-col-100 elementor-top-column elementor-element elementor-element-ba452f0\" data-id=\"ba452f0\" data-element_type=\"column\">\n\t\t\t<div class=\"elementor-column-wrap elementor-element-populated\">\n\t\t\t\t\t\t\t<div class=\"elementor-widget-wrap\">\n\t\t\t\t\t\t<div class=\"elementor-element elementor-element-8971363 elementor-widget elementor-widget-text-editor\" data-id=\"8971363\" data-element_type=\"widget\" data-widget_type=\"text-editor.default\">\n\t\t\t\t<div class=\"elementor-widget-container\">\n\t\t\t\t\t\t\t\t<div class=\"elementor-text-editor elementor-clearfix\">\n\t\t\t\t<p><b><a href=\"https:\/\/bip.ms.gov.pl\/pl\/ministerstwo\/dziennik-urzedowy-ministra-sprawiedliwosci\/2018\/download,3554,307.html\">Zarz\u0105dzeniem Ministra Sprawiedliwo\u015bci z dnia 7 listopada 2018 roku poz. 308, zmieniony zosta\u0142 sk\u0142ad zespo\u0142u ds.opracowania za\u0142o\u017ce\u0144 projektu ustawy o pracownikach s\u0105d\u00f3w i prokuratur. Do reprezentowania NSZZ PWS RP\u00a0 (cz\u0142onka OPZZ-u z reprezentatywno\u015bci\u0105 na poziomie Rady Dialogu Spo\u0142ecznego)\u00a0 w pracach ww. zespo\u0142u zosta\u0142 oddelegowany Przewodnicz\u0105cy Zarz\u0105du G\u0142\u00f3wnego Piotr Doma\u0144ski.\u00a0\u00a0<\/a><\/b><\/p>\t\t\t\t\t<\/div>\n\t\t\t\t\t\t<\/div>\n\t\t\t\t<\/div>\n\t\t\t\t\t\t<\/div>\n\t\t\t\t\t<\/div>\n\t\t<\/div>\n\t\t\t\t\t\t\t\t<\/div>\n\t\t\t\t\t<\/div>\n\t\t<\/section>\n\t\t\t\t\t\t\t\t\t<\/div>\n\t\t\t<\/div>\n\t\t\t\t\t<\/div>\n\t\t","protected":false},"excerpt":{"rendered":"<p>Zarz\u0105dzeniem Ministra Sprawiedliwo\u015bci z dnia 7 listopada 2018 roku poz. 308, zmieniony zosta\u0142 sk\u0142ad zespo\u0142u ds.opracowania za\u0142o\u017ce\u0144 projektu ustawy o pracownikach s\u0105d\u00f3w i prokuratur. Do reprezentowania NSZZ PWS RP\u00a0 (cz\u0142onka OPZZ-u z reprezentatywno\u015bci\u0105 na poziomie Rady Dialogu Spo\u0142ecznego)\u00a0 w pracach ww. zespo\u0142u zosta\u0142 oddelegowany Przewodnicz\u0105cy Zarz\u0105du G\u0142\u00f3wnego Piotr Doma\u0144ski.\u00a0\u00a0<\/p>\n","protected":false},"author":1,"featured_media":0,"comment_status":"open","ping_status":"open","sticky":false,"template":"","format":"standard","meta":{"_bbp_topic_count":0,"_bbp_reply_count":0,"_bbp_total_topic_count":0,"_bbp_total_reply_count":0,"_bbp_voice_count":0,"_bbp_anonymous_reply_count":0,"_bbp_topic_count_hidden":0,"_bbp_reply_count_hidden":0,"_bbp_forum_subforum_count":0,"_jetpack_newsletter_access":""},"categories":[1],"tags":[],"yoast_head":"<!-- This site is optimized with the Yoast SEO plugin v19.11 - https:\/\/yoast.com\/wordpress\/plugins\/seo\/ -->\n<title>Zesp\u00f3\u0142 ds. opracowania za\u0142o\u017ce\u0144 projektu ustawy o pracownikach s\u0105d\u00f3w i prokuratur - NSZZ Pracownik\u00f3w Wymiaru Sprawiedliwo\u015bci RP<\/title>\n<meta name=\"robots\" content=\"index, follow, max-snippet:-1, max-image-preview:large, max-video-preview:-1\" \/>\n<link rel=\"canonical\" href=\"https:\/\/nszzpwsrp.pl\/sample-page\/blog\/2018\/11\/08\/zespol-ds-opracowania-zalozen-projektu-ustawy-o-pracownikach-sadow-i-prokuratur\/\" \/>\n<meta property=\"og:locale\" content=\"pl_PL\" \/>\n<meta property=\"og:type\" content=\"article\" \/>\n<meta property=\"og:title\" content=\"Zesp\u00f3\u0142 ds. opracowania za\u0142o\u017ce\u0144 projektu ustawy o pracownikach s\u0105d\u00f3w i prokuratur - NSZZ Pracownik\u00f3w Wymiaru Sprawiedliwo\u015bci RP\" \/>\n<meta property=\"og:description\" content=\"Zarz\u0105dzeniem Ministra Sprawiedliwo\u015bci z dnia 7 listopada 2018 roku poz. 308, zmieniony zosta\u0142 sk\u0142ad zespo\u0142u ds.opracowania za\u0142o\u017ce\u0144 projektu ustawy o pracownikach s\u0105d\u00f3w i prokuratur. Do reprezentowania NSZZ PWS RP\u00a0 (cz\u0142onka OPZZ-u z reprezentatywno\u015bci\u0105 na poziomie Rady Dialogu Spo\u0142ecznego)\u00a0 w pracach ww. zespo\u0142u zosta\u0142 oddelegowany Przewodnicz\u0105cy Zarz\u0105du G\u0142\u00f3wnego Piotr Doma\u0144ski.\u00a0\u00a0\" \/>\n<meta property=\"og:url\" content=\"https:\/\/nszzpwsrp.pl\/sample-page\/blog\/2018\/11\/08\/zespol-ds-opracowania-zalozen-projektu-ustawy-o-pracownikach-sadow-i-prokuratur\/\" \/>\n<meta property=\"og:site_name\" content=\"NSZZ Pracownik\u00f3w Wymiaru Sprawiedliwo\u015bci RP\" \/>\n<meta property=\"article:published_time\" content=\"2018-11-08T21:19:19+00:00\" \/>\n<meta property=\"article:modified_time\" content=\"2018-11-08T22:00:28+00:00\" \/>\n<meta name=\"author\" content=\"admin\" \/>\n<meta name=\"twitter:card\" content=\"summary_large_image\" \/>\n<meta name=\"twitter:label1\" content=\"Napisane przez\" \/>\n\t<meta name=\"twitter:data1\" content=\"admin\" \/>\n<script type=\"application\/ld+json\" class=\"yoast-schema-graph\">{\"@context\":\"https:\/\/schema.org\",\"@graph\":[{\"@type\":\"Article\",\"@id\":\"https:\/\/nszzpwsrp.pl\/sample-page\/blog\/2018\/11\/08\/zespol-ds-opracowania-zalozen-projektu-ustawy-o-pracownikach-sadow-i-prokuratur\/#article\",\"isPartOf\":{\"@id\":\"https:\/\/nszzpwsrp.pl\/sample-page\/blog\/2018\/11\/08\/zespol-ds-opracowania-zalozen-projektu-ustawy-o-pracownikach-sadow-i-prokuratur\/\"},\"author\":{\"name\":\"admin\",\"@id\":\"https:\/\/nszzpwsrp.pl\/sample-page\/#\/schema\/person\/64b49ea93748f9033e2ea7b0609da7be\"},\"headline\":\"Zesp\u00f3\u0142 ds. opracowania za\u0142o\u017ce\u0144 projektu ustawy o pracownikach s\u0105d\u00f3w i prokuratur\",\"datePublished\":\"2018-11-08T21:19:19+00:00\",\"dateModified\":\"2018-11-08T22:00:28+00:00\",\"mainEntityOfPage\":{\"@id\":\"https:\/\/nszzpwsrp.pl\/sample-page\/blog\/2018\/11\/08\/zespol-ds-opracowania-zalozen-projektu-ustawy-o-pracownikach-sadow-i-prokuratur\/\"},\"wordCount\":78,\"commentCount\":0,\"publisher\":{\"@id\":\"https:\/\/nszzpwsrp.pl\/sample-page\/#organization\"},\"articleSection\":[\"NSZZ PWS RP\"],\"inLanguage\":\"pl-PL\",\"potentialAction\":[{\"@type\":\"CommentAction\",\"name\":\"Comment\",\"target\":[\"https:\/\/nszzpwsrp.pl\/sample-page\/blog\/2018\/11\/08\/zespol-ds-opracowania-zalozen-projektu-ustawy-o-pracownikach-sadow-i-prokuratur\/#respond\"]}]},{\"@type\":\"WebPage\",\"@id\":\"https:\/\/nszzpwsrp.pl\/sample-page\/blog\/2018\/11\/08\/zespol-ds-opracowania-zalozen-projektu-ustawy-o-pracownikach-sadow-i-prokuratur\/\",\"url\":\"https:\/\/nszzpwsrp.pl\/sample-page\/blog\/2018\/11\/08\/zespol-ds-opracowania-zalozen-projektu-ustawy-o-pracownikach-sadow-i-prokuratur\/\",\"name\":\"Zesp\u00f3\u0142 ds. opracowania za\u0142o\u017ce\u0144 projektu ustawy o pracownikach s\u0105d\u00f3w i prokuratur - NSZZ Pracownik\u00f3w Wymiaru Sprawiedliwo\u015bci RP\",\"isPartOf\":{\"@id\":\"https:\/\/nszzpwsrp.pl\/sample-page\/#website\"},\"datePublished\":\"2018-11-08T21:19:19+00:00\",\"dateModified\":\"2018-11-08T22:00:28+00:00\",\"breadcrumb\":{\"@id\":\"https:\/\/nszzpwsrp.pl\/sample-page\/blog\/2018\/11\/08\/zespol-ds-opracowania-zalozen-projektu-ustawy-o-pracownikach-sadow-i-prokuratur\/#breadcrumb\"},\"inLanguage\":\"pl-PL\",\"potentialAction\":[{\"@type\":\"ReadAction\",\"target\":[\"https:\/\/nszzpwsrp.pl\/sample-page\/blog\/2018\/11\/08\/zespol-ds-opracowania-zalozen-projektu-ustawy-o-pracownikach-sadow-i-prokuratur\/\"]}]},{\"@type\":\"BreadcrumbList\",\"@id\":\"https:\/\/nszzpwsrp.pl\/sample-page\/blog\/2018\/11\/08\/zespol-ds-opracowania-zalozen-projektu-ustawy-o-pracownikach-sadow-i-prokuratur\/#breadcrumb\",\"itemListElement\":[{\"@type\":\"ListItem\",\"position\":1,\"name\":\"Strona g\u0142\u00f3wna\",\"item\":\"https:\/\/nszzpwsrp.pl\/sample-page\/\"},{\"@type\":\"ListItem\",\"position\":2,\"name\":\"Zesp\u00f3\u0142 ds. opracowania za\u0142o\u017ce\u0144 projektu ustawy o pracownikach s\u0105d\u00f3w i prokuratur\"}]},{\"@type\":\"WebSite\",\"@id\":\"https:\/\/nszzpwsrp.pl\/sample-page\/#website\",\"url\":\"https:\/\/nszzpwsrp.pl\/sample-page\/\",\"name\":\"NSZZ Pracownik\u00f3w Wymiaru Sprawiedliwo\u015bci Rzeczypospolitej Polskiej\",\"description\":\"sta\u0142y cz\u0142onek Og\u00f3lnopolskiego Porozumienia Zwi\u0105zk\u00f3w Zawodowych i Europejskiej Konfederacji Zwi\u0105zk\u00f3w Zawodowych\",\"publisher\":{\"@id\":\"https:\/\/nszzpwsrp.pl\/sample-page\/#organization\"},\"potentialAction\":[{\"@type\":\"SearchAction\",\"target\":{\"@type\":\"EntryPoint\",\"urlTemplate\":\"https:\/\/nszzpwsrp.pl\/sample-page\/?s={search_term_string}\"},\"query-input\":\"required name=search_term_string\"}],\"inLanguage\":\"pl-PL\"},{\"@type\":\"Organization\",\"@id\":\"https:\/\/nszzpwsrp.pl\/sample-page\/#organization\",\"name\":\"NSZZ Pracownik\u00f3w Wymiaru Sprawiedliwo\u015bci Rzeczypospolitej Polskiej\",\"url\":\"https:\/\/nszzpwsrp.pl\/sample-page\/\",\"logo\":{\"@type\":\"ImageObject\",\"inLanguage\":\"pl-PL\",\"@id\":\"https:\/\/nszzpwsrp.pl\/sample-page\/#\/schema\/logo\/image\/\",\"url\":\"https:\/\/nszzpwsrp.pl\/wp-content\/uploads\/2018\/11\/logo-e1541235346564.png\",\"contentUrl\":\"https:\/\/nszzpwsrp.pl\/wp-content\/uploads\/2018\/11\/logo-e1541235346564.png\",\"width\":250,\"height\":250,\"caption\":\"NSZZ Pracownik\u00f3w Wymiaru Sprawiedliwo\u015bci Rzeczypospolitej Polskiej\"},\"image\":{\"@id\":\"https:\/\/nszzpwsrp.pl\/sample-page\/#\/schema\/logo\/image\/\"}},{\"@type\":\"Person\",\"@id\":\"https:\/\/nszzpwsrp.pl\/sample-page\/#\/schema\/person\/64b49ea93748f9033e2ea7b0609da7be\",\"name\":\"admin\"}]}<\/script>\n<!-- \/ Yoast SEO plugin. -->","yoast_head_json":{"title":"Zesp\u00f3\u0142 ds. opracowania za\u0142o\u017ce\u0144 projektu ustawy o pracownikach s\u0105d\u00f3w i prokuratur - NSZZ Pracownik\u00f3w Wymiaru Sprawiedliwo\u015bci RP","robots":{"index":"index","follow":"follow","max-snippet":"max-snippet:-1","max-image-preview":"max-image-preview:large","max-video-preview":"max-video-preview:-1"},"canonical":"https:\/\/nszzpwsrp.pl\/sample-page\/blog\/2018\/11\/08\/zespol-ds-opracowania-zalozen-projektu-ustawy-o-pracownikach-sadow-i-prokuratur\/","og_locale":"pl_PL","og_type":"article","og_title":"Zesp\u00f3\u0142 ds. opracowania za\u0142o\u017ce\u0144 projektu ustawy o pracownikach s\u0105d\u00f3w i prokuratur - NSZZ Pracownik\u00f3w Wymiaru Sprawiedliwo\u015bci RP","og_description":"Zarz\u0105dzeniem Ministra Sprawiedliwo\u015bci z dnia 7 listopada 2018 roku poz. 308, zmieniony zosta\u0142 sk\u0142ad zespo\u0142u ds.opracowania za\u0142o\u017ce\u0144 projektu ustawy o pracownikach s\u0105d\u00f3w i prokuratur. Do reprezentowania NSZZ PWS RP\u00a0 (cz\u0142onka OPZZ-u z reprezentatywno\u015bci\u0105 na poziomie Rady Dialogu Spo\u0142ecznego)\u00a0 w pracach ww. zespo\u0142u zosta\u0142 oddelegowany Przewodnicz\u0105cy Zarz\u0105du G\u0142\u00f3wnego Piotr Doma\u0144ski.\u00a0\u00a0","og_url":"https:\/\/nszzpwsrp.pl\/sample-page\/blog\/2018\/11\/08\/zespol-ds-opracowania-zalozen-projektu-ustawy-o-pracownikach-sadow-i-prokuratur\/","og_site_name":"NSZZ Pracownik\u00f3w Wymiaru Sprawiedliwo\u015bci RP","article_published_time":"2018-11-08T21:19:19+00:00","article_modified_time":"2018-11-08T22:00:28+00:00","author":"admin","twitter_card":"summary_large_image","twitter_misc":{"Napisane przez":"admin"},"schema":{"@context":"https:\/\/schema.org","@graph":[{"@type":"Article","@id":"https:\/\/nszzpwsrp.pl\/sample-page\/blog\/2018\/11\/08\/zespol-ds-opracowania-zalozen-projektu-ustawy-o-pracownikach-sadow-i-prokuratur\/#article","isPartOf":{"@id":"https:\/\/nszzpwsrp.pl\/sample-page\/blog\/2018\/11\/08\/zespol-ds-opracowania-zalozen-projektu-ustawy-o-pracownikach-sadow-i-prokuratur\/"},"author":{"name":"admin","@id":"https:\/\/nszzpwsrp.pl\/sample-page\/#\/schema\/person\/64b49ea93748f9033e2ea7b0609da7be"},"headline":"Zesp\u00f3\u0142 ds. opracowania za\u0142o\u017ce\u0144 projektu ustawy o pracownikach s\u0105d\u00f3w i prokuratur","datePublished":"2018-11-08T21:19:19+00:00","dateModified":"2018-11-08T22:00:28+00:00","mainEntityOfPage":{"@id":"https:\/\/nszzpwsrp.pl\/sample-page\/blog\/2018\/11\/08\/zespol-ds-opracowania-zalozen-projektu-ustawy-o-pracownikach-sadow-i-prokuratur\/"},"wordCount":78,"commentCount":0,"publisher":{"@id":"https:\/\/nszzpwsrp.pl\/sample-page\/#organization"},"articleSection":["NSZZ PWS RP"],"inLanguage":"pl-PL","potentialAction":[{"@type":"CommentAction","name":"Comment","target":["https:\/\/nszzpwsrp.pl\/sample-page\/blog\/2018\/11\/08\/zespol-ds-opracowania-zalozen-projektu-ustawy-o-pracownikach-sadow-i-prokuratur\/#respond"]}]},{"@type":"WebPage","@id":"https:\/\/nszzpwsrp.pl\/sample-page\/blog\/2018\/11\/08\/zespol-ds-opracowania-zalozen-projektu-ustawy-o-pracownikach-sadow-i-prokuratur\/","url":"https:\/\/nszzpwsrp.pl\/sample-page\/blog\/2018\/11\/08\/zespol-ds-opracowania-zalozen-projektu-ustawy-o-pracownikach-sadow-i-prokuratur\/","name":"Zesp\u00f3\u0142 ds. opracowania za\u0142o\u017ce\u0144 projektu ustawy o pracownikach s\u0105d\u00f3w i prokuratur - NSZZ Pracownik\u00f3w Wymiaru Sprawiedliwo\u015bci RP","isPartOf":{"@id":"https:\/\/nszzpwsrp.pl\/sample-page\/#website"},"datePublished":"2018-11-08T21:19:19+00:00","dateModified":"2018-11-08T22:00:28+00:00","breadcrumb":{"@id":"https:\/\/nszzpwsrp.pl\/sample-page\/blog\/2018\/11\/08\/zespol-ds-opracowania-zalozen-projektu-ustawy-o-pracownikach-sadow-i-prokuratur\/#breadcrumb"},"inLanguage":"pl-PL","potentialAction":[{"@type":"ReadAction","target":["https:\/\/nszzpwsrp.pl\/sample-page\/blog\/2018\/11\/08\/zespol-ds-opracowania-zalozen-projektu-ustawy-o-pracownikach-sadow-i-prokuratur\/"]}]},{"@type":"BreadcrumbList","@id":"https:\/\/nszzpwsrp.pl\/sample-page\/blog\/2018\/11\/08\/zespol-ds-opracowania-zalozen-projektu-ustawy-o-pracownikach-sadow-i-prokuratur\/#breadcrumb","itemListElement":[{"@type":"ListItem","position":1,"name":"Strona g\u0142\u00f3wna","item":"https:\/\/nszzpwsrp.pl\/sample-page\/"},{"@type":"ListItem","position":2,"name":"Zesp\u00f3\u0142 ds. opracowania za\u0142o\u017ce\u0144 projektu ustawy o pracownikach s\u0105d\u00f3w i prokuratur"}]},{"@type":"WebSite","@id":"https:\/\/nszzpwsrp.pl\/sample-page\/#website","url":"https:\/\/nszzpwsrp.pl\/sample-page\/","name":"NSZZ Pracownik\u00f3w Wymiaru Sprawiedliwo\u015bci Rzeczypospolitej Polskiej","description":"sta\u0142y cz\u0142onek Og\u00f3lnopolskiego Porozumienia Zwi\u0105zk\u00f3w Zawodowych i Europejskiej Konfederacji Zwi\u0105zk\u00f3w Zawodowych","publisher":{"@id":"https:\/\/nszzpwsrp.pl\/sample-page\/#organization"},"potentialAction":[{"@type":"SearchAction","target":{"@type":"EntryPoint","urlTemplate":"https:\/\/nszzpwsrp.pl\/sample-page\/?s={search_term_string}"},"query-input":"required name=search_term_string"}],"inLanguage":"pl-PL"},{"@type":"Organization","@id":"https:\/\/nszzpwsrp.pl\/sample-page\/#organization","name":"NSZZ Pracownik\u00f3w Wymiaru Sprawiedliwo\u015bci Rzeczypospolitej Polskiej","url":"https:\/\/nszzpwsrp.pl\/sample-page\/","logo":{"@type":"ImageObject","inLanguage":"pl-PL","@id":"https:\/\/nszzpwsrp.pl\/sample-page\/#\/schema\/logo\/image\/","url":"https:\/\/nszzpwsrp.pl\/wp-content\/uploads\/2018\/11\/logo-e1541235346564.png","contentUrl":"https:\/\/nszzpwsrp.pl\/wp-content\/uploads\/2018\/11\/logo-e1541235346564.png","width":250,"height":250,"caption":"NSZZ Pracownik\u00f3w Wymiaru Sprawiedliwo\u015bci Rzeczypospolitej Polskiej"},"image":{"@id":"https:\/\/nszzpwsrp.pl\/sample-page\/#\/schema\/logo\/image\/"}},{"@type":"Person","@id":"https:\/\/nszzpwsrp.pl\/sample-page\/#\/schema\/person\/64b49ea93748f9033e2ea7b0609da7be","name":"admin"}]}},"jetpack_featured_media_url":"","jetpack_sharing_enabled":true,"jetpack_shortlink":"https:\/\/wp.me\/patX8E-3D","_links":{"self":[{"href":"https:\/\/nszzpwsrp.pl\/sample-page\/wp-json\/wp\/v2\/posts\/225"}],"collection":[{"href":"https:\/\/nszzpwsrp.pl\/sample-page\/wp-json\/wp\/v2\/posts"}],"about":[{"href":"https:\/\/nszzpwsrp.pl\/sample-page\/wp-json\/wp\/v2\/types\/post"}],"author":[{"embeddable":true,"href":"https:\/\/nszzpwsrp.pl\/sample-page\/wp-json\/wp\/v2\/users\/1"}],"replies":[{"embeddable":true,"href":"https:\/\/nszzpwsrp.pl\/sample-page\/wp-json\/wp\/v2\/comments?post=225"}],"version-history":[{"count":6,"href":"https:\/\/nszzpwsrp.pl\/sample-page\/wp-json\/wp\/v2\/posts\/225\/revisions"}],"predecessor-version":[{"id":232,"href":"https:\/\/nszzpwsrp.pl\/sample-page\/wp-json\/wp\/v2\/posts\/225\/revisions\/232"}],"wp:attachment":[{"href":"https:\/\/nszzpwsrp.pl\/sample-page\/wp-json\/wp\/v2\/media?parent=225"}],"wp:term":[{"taxonomy":"category","embeddable":true,"href":"https:\/\/nszzpwsrp.pl\/sample-page\/wp-json\/wp\/v2\/categories?post=225"},{"taxonomy":"post_tag","embeddable":true,"href":"https:\/\/nszzpwsrp.pl\/sample-page\/wp-json\/wp\/v2\/tags?post=225"}],"curies":[{"name":"wp","href":"https:\/\/api.w.org\/{rel}","templated":true}]}}