{"id":173,"date":"2018-11-06T13:33:04","date_gmt":"2018-11-06T13:33:04","guid":{"rendered":"http:\/\/nszzpwsrp.pl\/?p=173"},"modified":"2018-11-06T18:17:07","modified_gmt":"2018-11-06T18:17:07","slug":"pomoc-dla-naszej-kolezanki-ktorej-dom-strawil-ogien","status":"publish","type":"post","link":"https:\/\/nszzpwsrp.pl\/sample-page\/blog\/2018\/11\/06\/pomoc-dla-naszej-kolezanki-ktorej-dom-strawil-ogien\/","title":{"rendered":"Pomoc dla  Naszej kole\u017canki kt\u00f3rej dom strawi\u0142 ogie\u0144."},"content":{"rendered":"\t\t<div data-elementor-type=\"wp-post\" data-elementor-id=\"173\" class=\"elementor elementor-173 elementor-bc-flex-widget\">\n\t\t\t\t\t\t<div class=\"elementor-inner\">\n\t\t\t\t<div class=\"elementor-section-wrap\">\n\t\t\t\t\t\t\t\t\t<section class=\"elementor-section elementor-top-section elementor-element elementor-element-9b0ca69 elementor-section-boxed elementor-section-height-default elementor-section-height-default\" data-id=\"9b0ca69\" data-element_type=\"section\">\n\t\t\t\t\t\t<div class=\"elementor-container elementor-column-gap-default\">\n\t\t\t\t\t\t\t<div class=\"elementor-row\">\n\t\t\t\t\t<div class=\"elementor-column elementor-col-100 elementor-top-column elementor-element elementor-element-7810296\" data-id=\"7810296\" data-element_type=\"column\" data-settings=\"{&quot;background_background&quot;:&quot;gradient&quot;}\">\n\t\t\t<div class=\"elementor-column-wrap elementor-element-populated\">\n\t\t\t\t\t<div class=\"elementor-background-overlay\"><\/div>\n\t\t\t\t\t\t\t<div class=\"elementor-widget-wrap\">\n\t\t\t\t\t\t<div class=\"elementor-element elementor-element-4312e55 elementor-invisible elementor-widget elementor-widget-text-editor\" data-id=\"4312e55\" data-element_type=\"widget\" data-settings=\"{&quot;_animation&quot;:&quot;wobble&quot;}\" data-widget_type=\"text-editor.default\">\n\t\t\t\t<div class=\"elementor-widget-container\">\n\t\t\t\t\t\t\t\t<div class=\"elementor-text-editor elementor-clearfix\">\n\t\t\t\t<h6>W dniu 3 listopada 2018 roku w godzinach porannych spali\u0142 si\u0119 dom Naszej kole\u017canki Leny Silskiej. Lena jest wieloletnim pracownikiem S\u0105du Okr\u0119gowego w Koninie i jest cudownym, serdecznym cz\u0142owiekiem,&nbsp; ch\u0119tnie nios\u0105cym pomoc drugiemu. Ale to&nbsp; Ona teraz potrzebuje Naszej Pomocy.<\/h6>\n<h6>POM\u00d3\u017bMY- Ka\u017cdy grosz si\u0119 liczy.<\/h6>\n<h6>link pomocy&nbsp;&nbsp;<b style=\"letter-spacing: -1.3px;\"><u style=\"\"><a href=\"HTTPS:\/\/POMAGAM.PL\/LENAIWIESIU\"><span style=\"font-size: 1.125rem; letter-spacing: -1.3px;\">https:\/\/<\/span>pomagam.pl\/lenaiwiesiu<\/a><\/u><\/b><\/h6>\t\t\t\t\t<\/div>\n\t\t\t\t\t\t<\/div>\n\t\t\t\t<\/div>\n\t\t\t\t\t\t<\/div>\n\t\t\t\t\t<\/div>\n\t\t<\/div>\n\t\t\t\t\t\t\t\t<\/div>\n\t\t\t\t\t<\/div>\n\t\t<\/section>\n\t\t\t\t\t\t\t\t\t<\/div>\n\t\t\t<\/div>\n\t\t\t\t\t<\/div>\n\t\t","protected":false},"excerpt":{"rendered":"<p>W dniu 3 listopada 2018 roku w godzinach porannych spali\u0142 si\u0119 dom Naszej kole\u017canki Leny Silskiej. Lena jest wieloletnim pracownikiem S\u0105du Okr\u0119gowego w Koninie i jest cudownym, serdecznym cz\u0142owiekiem,&nbsp; ch\u0119tnie nios\u0105cym pomoc drugiemu. Ale to&nbsp; Ona teraz potrzebuje Naszej Pomocy. POM\u00d3\u017bMY- Ka\u017cdy grosz si\u0119 liczy. link pomocy&nbsp;&nbsp;https:\/\/pomagam.pl\/lenaiwiesiu<\/p>\n","protected":false},"author":1,"featured_media":0,"comment_status":"open","ping_status":"open","sticky":false,"template":"","format":"standard","meta":{"_bbp_topic_count":0,"_bbp_reply_count":0,"_bbp_total_topic_count":0,"_bbp_total_reply_count":0,"_bbp_voice_count":0,"_bbp_anonymous_reply_count":0,"_bbp_topic_count_hidden":0,"_bbp_reply_count_hidden":0,"_bbp_forum_subforum_count":0,"_jetpack_newsletter_access":""},"categories":[1],"tags":[],"yoast_head":"<!-- This site is optimized with the Yoast SEO plugin v19.11 - https:\/\/yoast.com\/wordpress\/plugins\/seo\/ -->\n<title>Pomoc dla Naszej kole\u017canki kt\u00f3rej dom strawi\u0142 ogie\u0144. - NSZZ Pracownik\u00f3w Wymiaru Sprawiedliwo\u015bci RP<\/title>\n<meta name=\"robots\" content=\"index, follow, max-snippet:-1, max-image-preview:large, max-video-preview:-1\" \/>\n<link rel=\"canonical\" href=\"https:\/\/nszzpwsrp.pl\/sample-page\/blog\/2018\/11\/06\/pomoc-dla-naszej-kolezanki-ktorej-dom-strawil-ogien\/\" \/>\n<meta property=\"og:locale\" content=\"pl_PL\" \/>\n<meta property=\"og:type\" content=\"article\" \/>\n<meta property=\"og:title\" content=\"Pomoc dla Naszej kole\u017canki kt\u00f3rej dom strawi\u0142 ogie\u0144. - NSZZ Pracownik\u00f3w Wymiaru Sprawiedliwo\u015bci RP\" \/>\n<meta property=\"og:description\" content=\"W dniu 3 listopada 2018 roku w godzinach porannych spali\u0142 si\u0119 dom Naszej kole\u017canki Leny Silskiej. Lena jest wieloletnim pracownikiem S\u0105du Okr\u0119gowego w Koninie i jest cudownym, serdecznym cz\u0142owiekiem,&nbsp; ch\u0119tnie nios\u0105cym pomoc drugiemu. Ale to&nbsp; Ona teraz potrzebuje Naszej Pomocy. POM\u00d3\u017bMY- Ka\u017cdy grosz si\u0119 liczy. link pomocy&nbsp;&nbsp;https:\/\/pomagam.pl\/lenaiwiesiu\" \/>\n<meta property=\"og:url\" content=\"https:\/\/nszzpwsrp.pl\/sample-page\/blog\/2018\/11\/06\/pomoc-dla-naszej-kolezanki-ktorej-dom-strawil-ogien\/\" \/>\n<meta property=\"og:site_name\" content=\"NSZZ Pracownik\u00f3w Wymiaru Sprawiedliwo\u015bci RP\" \/>\n<meta property=\"article:published_time\" content=\"2018-11-06T13:33:04+00:00\" \/>\n<meta property=\"article:modified_time\" content=\"2018-11-06T18:17:07+00:00\" \/>\n<meta name=\"author\" content=\"admin\" \/>\n<meta name=\"twitter:card\" content=\"summary_large_image\" \/>\n<meta name=\"twitter:label1\" content=\"Napisane przez\" \/>\n\t<meta name=\"twitter:data1\" content=\"admin\" \/>\n<script type=\"application\/ld+json\" class=\"yoast-schema-graph\">{\"@context\":\"https:\/\/schema.org\",\"@graph\":[{\"@type\":\"Article\",\"@id\":\"https:\/\/nszzpwsrp.pl\/sample-page\/blog\/2018\/11\/06\/pomoc-dla-naszej-kolezanki-ktorej-dom-strawil-ogien\/#article\",\"isPartOf\":{\"@id\":\"https:\/\/nszzpwsrp.pl\/sample-page\/blog\/2018\/11\/06\/pomoc-dla-naszej-kolezanki-ktorej-dom-strawil-ogien\/\"},\"author\":{\"name\":\"admin\",\"@id\":\"https:\/\/nszzpwsrp.pl\/sample-page\/#\/schema\/person\/64b49ea93748f9033e2ea7b0609da7be\"},\"headline\":\"Pomoc dla Naszej kole\u017canki kt\u00f3rej dom strawi\u0142 ogie\u0144.\",\"datePublished\":\"2018-11-06T13:33:04+00:00\",\"dateModified\":\"2018-11-06T18:17:07+00:00\",\"mainEntityOfPage\":{\"@id\":\"https:\/\/nszzpwsrp.pl\/sample-page\/blog\/2018\/11\/06\/pomoc-dla-naszej-kolezanki-ktorej-dom-strawil-ogien\/\"},\"wordCount\":71,\"commentCount\":0,\"publisher\":{\"@id\":\"https:\/\/nszzpwsrp.pl\/sample-page\/#organization\"},\"articleSection\":[\"NSZZ PWS RP\"],\"inLanguage\":\"pl-PL\",\"potentialAction\":[{\"@type\":\"CommentAction\",\"name\":\"Comment\",\"target\":[\"https:\/\/nszzpwsrp.pl\/sample-page\/blog\/2018\/11\/06\/pomoc-dla-naszej-kolezanki-ktorej-dom-strawil-ogien\/#respond\"]}]},{\"@type\":\"WebPage\",\"@id\":\"https:\/\/nszzpwsrp.pl\/sample-page\/blog\/2018\/11\/06\/pomoc-dla-naszej-kolezanki-ktorej-dom-strawil-ogien\/\",\"url\":\"https:\/\/nszzpwsrp.pl\/sample-page\/blog\/2018\/11\/06\/pomoc-dla-naszej-kolezanki-ktorej-dom-strawil-ogien\/\",\"name\":\"Pomoc dla Naszej kole\u017canki kt\u00f3rej dom strawi\u0142 ogie\u0144. - NSZZ Pracownik\u00f3w Wymiaru Sprawiedliwo\u015bci RP\",\"isPartOf\":{\"@id\":\"https:\/\/nszzpwsrp.pl\/sample-page\/#website\"},\"datePublished\":\"2018-11-06T13:33:04+00:00\",\"dateModified\":\"2018-11-06T18:17:07+00:00\",\"breadcrumb\":{\"@id\":\"https:\/\/nszzpwsrp.pl\/sample-page\/blog\/2018\/11\/06\/pomoc-dla-naszej-kolezanki-ktorej-dom-strawil-ogien\/#breadcrumb\"},\"inLanguage\":\"pl-PL\",\"potentialAction\":[{\"@type\":\"ReadAction\",\"target\":[\"https:\/\/nszzpwsrp.pl\/sample-page\/blog\/2018\/11\/06\/pomoc-dla-naszej-kolezanki-ktorej-dom-strawil-ogien\/\"]}]},{\"@type\":\"BreadcrumbList\",\"@id\":\"https:\/\/nszzpwsrp.pl\/sample-page\/blog\/2018\/11\/06\/pomoc-dla-naszej-kolezanki-ktorej-dom-strawil-ogien\/#breadcrumb\",\"itemListElement\":[{\"@type\":\"ListItem\",\"position\":1,\"name\":\"Strona g\u0142\u00f3wna\",\"item\":\"https:\/\/nszzpwsrp.pl\/sample-page\/\"},{\"@type\":\"ListItem\",\"position\":2,\"name\":\"Pomoc dla Naszej kole\u017canki kt\u00f3rej dom strawi\u0142 ogie\u0144.\"}]},{\"@type\":\"WebSite\",\"@id\":\"https:\/\/nszzpwsrp.pl\/sample-page\/#website\",\"url\":\"https:\/\/nszzpwsrp.pl\/sample-page\/\",\"name\":\"NSZZ Pracownik\u00f3w Wymiaru Sprawiedliwo\u015bci Rzeczypospolitej Polskiej\",\"description\":\"sta\u0142y cz\u0142onek Og\u00f3lnopolskiego Porozumienia Zwi\u0105zk\u00f3w Zawodowych i Europejskiej Konfederacji Zwi\u0105zk\u00f3w Zawodowych\",\"publisher\":{\"@id\":\"https:\/\/nszzpwsrp.pl\/sample-page\/#organization\"},\"potentialAction\":[{\"@type\":\"SearchAction\",\"target\":{\"@type\":\"EntryPoint\",\"urlTemplate\":\"https:\/\/nszzpwsrp.pl\/sample-page\/?s={search_term_string}\"},\"query-input\":\"required name=search_term_string\"}],\"inLanguage\":\"pl-PL\"},{\"@type\":\"Organization\",\"@id\":\"https:\/\/nszzpwsrp.pl\/sample-page\/#organization\",\"name\":\"NSZZ Pracownik\u00f3w Wymiaru Sprawiedliwo\u015bci Rzeczypospolitej Polskiej\",\"url\":\"https:\/\/nszzpwsrp.pl\/sample-page\/\",\"logo\":{\"@type\":\"ImageObject\",\"inLanguage\":\"pl-PL\",\"@id\":\"https:\/\/nszzpwsrp.pl\/sample-page\/#\/schema\/logo\/image\/\",\"url\":\"https:\/\/nszzpwsrp.pl\/wp-content\/uploads\/2018\/11\/logo-e1541235346564.png\",\"contentUrl\":\"https:\/\/nszzpwsrp.pl\/wp-content\/uploads\/2018\/11\/logo-e1541235346564.png\",\"width\":250,\"height\":250,\"caption\":\"NSZZ Pracownik\u00f3w Wymiaru Sprawiedliwo\u015bci Rzeczypospolitej Polskiej\"},\"image\":{\"@id\":\"https:\/\/nszzpwsrp.pl\/sample-page\/#\/schema\/logo\/image\/\"}},{\"@type\":\"Person\",\"@id\":\"https:\/\/nszzpwsrp.pl\/sample-page\/#\/schema\/person\/64b49ea93748f9033e2ea7b0609da7be\",\"name\":\"admin\"}]}<\/script>\n<!-- \/ Yoast SEO plugin. -->","yoast_head_json":{"title":"Pomoc dla Naszej kole\u017canki kt\u00f3rej dom strawi\u0142 ogie\u0144. - NSZZ Pracownik\u00f3w Wymiaru Sprawiedliwo\u015bci RP","robots":{"index":"index","follow":"follow","max-snippet":"max-snippet:-1","max-image-preview":"max-image-preview:large","max-video-preview":"max-video-preview:-1"},"canonical":"https:\/\/nszzpwsrp.pl\/sample-page\/blog\/2018\/11\/06\/pomoc-dla-naszej-kolezanki-ktorej-dom-strawil-ogien\/","og_locale":"pl_PL","og_type":"article","og_title":"Pomoc dla Naszej kole\u017canki kt\u00f3rej dom strawi\u0142 ogie\u0144. - NSZZ Pracownik\u00f3w Wymiaru Sprawiedliwo\u015bci RP","og_description":"W dniu 3 listopada 2018 roku w godzinach porannych spali\u0142 si\u0119 dom Naszej kole\u017canki Leny Silskiej. Lena jest wieloletnim pracownikiem S\u0105du Okr\u0119gowego w Koninie i jest cudownym, serdecznym cz\u0142owiekiem,&nbsp; ch\u0119tnie nios\u0105cym pomoc drugiemu. Ale to&nbsp; Ona teraz potrzebuje Naszej Pomocy. POM\u00d3\u017bMY- Ka\u017cdy grosz si\u0119 liczy. link pomocy&nbsp;&nbsp;https:\/\/pomagam.pl\/lenaiwiesiu","og_url":"https:\/\/nszzpwsrp.pl\/sample-page\/blog\/2018\/11\/06\/pomoc-dla-naszej-kolezanki-ktorej-dom-strawil-ogien\/","og_site_name":"NSZZ Pracownik\u00f3w Wymiaru Sprawiedliwo\u015bci RP","article_published_time":"2018-11-06T13:33:04+00:00","article_modified_time":"2018-11-06T18:17:07+00:00","author":"admin","twitter_card":"summary_large_image","twitter_misc":{"Napisane przez":"admin"},"schema":{"@context":"https:\/\/schema.org","@graph":[{"@type":"Article","@id":"https:\/\/nszzpwsrp.pl\/sample-page\/blog\/2018\/11\/06\/pomoc-dla-naszej-kolezanki-ktorej-dom-strawil-ogien\/#article","isPartOf":{"@id":"https:\/\/nszzpwsrp.pl\/sample-page\/blog\/2018\/11\/06\/pomoc-dla-naszej-kolezanki-ktorej-dom-strawil-ogien\/"},"author":{"name":"admin","@id":"https:\/\/nszzpwsrp.pl\/sample-page\/#\/schema\/person\/64b49ea93748f9033e2ea7b0609da7be"},"headline":"Pomoc dla Naszej kole\u017canki kt\u00f3rej dom strawi\u0142 ogie\u0144.","datePublished":"2018-11-06T13:33:04+00:00","dateModified":"2018-11-06T18:17:07+00:00","mainEntityOfPage":{"@id":"https:\/\/nszzpwsrp.pl\/sample-page\/blog\/2018\/11\/06\/pomoc-dla-naszej-kolezanki-ktorej-dom-strawil-ogien\/"},"wordCount":71,"commentCount":0,"publisher":{"@id":"https:\/\/nszzpwsrp.pl\/sample-page\/#organization"},"articleSection":["NSZZ PWS RP"],"inLanguage":"pl-PL","potentialAction":[{"@type":"CommentAction","name":"Comment","target":["https:\/\/nszzpwsrp.pl\/sample-page\/blog\/2018\/11\/06\/pomoc-dla-naszej-kolezanki-ktorej-dom-strawil-ogien\/#respond"]}]},{"@type":"WebPage","@id":"https:\/\/nszzpwsrp.pl\/sample-page\/blog\/2018\/11\/06\/pomoc-dla-naszej-kolezanki-ktorej-dom-strawil-ogien\/","url":"https:\/\/nszzpwsrp.pl\/sample-page\/blog\/2018\/11\/06\/pomoc-dla-naszej-kolezanki-ktorej-dom-strawil-ogien\/","name":"Pomoc dla Naszej kole\u017canki kt\u00f3rej dom strawi\u0142 ogie\u0144. - NSZZ Pracownik\u00f3w Wymiaru Sprawiedliwo\u015bci RP","isPartOf":{"@id":"https:\/\/nszzpwsrp.pl\/sample-page\/#website"},"datePublished":"2018-11-06T13:33:04+00:00","dateModified":"2018-11-06T18:17:07+00:00","breadcrumb":{"@id":"https:\/\/nszzpwsrp.pl\/sample-page\/blog\/2018\/11\/06\/pomoc-dla-naszej-kolezanki-ktorej-dom-strawil-ogien\/#breadcrumb"},"inLanguage":"pl-PL","potentialAction":[{"@type":"ReadAction","target":["https:\/\/nszzpwsrp.pl\/sample-page\/blog\/2018\/11\/06\/pomoc-dla-naszej-kolezanki-ktorej-dom-strawil-ogien\/"]}]},{"@type":"BreadcrumbList","@id":"https:\/\/nszzpwsrp.pl\/sample-page\/blog\/2018\/11\/06\/pomoc-dla-naszej-kolezanki-ktorej-dom-strawil-ogien\/#breadcrumb","itemListElement":[{"@type":"ListItem","position":1,"name":"Strona g\u0142\u00f3wna","item":"https:\/\/nszzpwsrp.pl\/sample-page\/"},{"@type":"ListItem","position":2,"name":"Pomoc dla Naszej kole\u017canki kt\u00f3rej dom strawi\u0142 ogie\u0144."}]},{"@type":"WebSite","@id":"https:\/\/nszzpwsrp.pl\/sample-page\/#website","url":"https:\/\/nszzpwsrp.pl\/sample-page\/","name":"NSZZ Pracownik\u00f3w Wymiaru Sprawiedliwo\u015bci Rzeczypospolitej Polskiej","description":"sta\u0142y cz\u0142onek Og\u00f3lnopolskiego Porozumienia Zwi\u0105zk\u00f3w Zawodowych i Europejskiej Konfederacji Zwi\u0105zk\u00f3w Zawodowych","publisher":{"@id":"https:\/\/nszzpwsrp.pl\/sample-page\/#organization"},"potentialAction":[{"@type":"SearchAction","target":{"@type":"EntryPoint","urlTemplate":"https:\/\/nszzpwsrp.pl\/sample-page\/?s={search_term_string}"},"query-input":"required name=search_term_string"}],"inLanguage":"pl-PL"},{"@type":"Organization","@id":"https:\/\/nszzpwsrp.pl\/sample-page\/#organization","name":"NSZZ Pracownik\u00f3w Wymiaru Sprawiedliwo\u015bci Rzeczypospolitej Polskiej","url":"https:\/\/nszzpwsrp.pl\/sample-page\/","logo":{"@type":"ImageObject","inLanguage":"pl-PL","@id":"https:\/\/nszzpwsrp.pl\/sample-page\/#\/schema\/logo\/image\/","url":"https:\/\/nszzpwsrp.pl\/wp-content\/uploads\/2018\/11\/logo-e1541235346564.png","contentUrl":"https:\/\/nszzpwsrp.pl\/wp-content\/uploads\/2018\/11\/logo-e1541235346564.png","width":250,"height":250,"caption":"NSZZ Pracownik\u00f3w Wymiaru Sprawiedliwo\u015bci Rzeczypospolitej Polskiej"},"image":{"@id":"https:\/\/nszzpwsrp.pl\/sample-page\/#\/schema\/logo\/image\/"}},{"@type":"Person","@id":"https:\/\/nszzpwsrp.pl\/sample-page\/#\/schema\/person\/64b49ea93748f9033e2ea7b0609da7be","name":"admin"}]}},"jetpack_featured_media_url":"","jetpack_sharing_enabled":true,"jetpack_shortlink":"https:\/\/wp.me\/patX8E-2N","_links":{"self":[{"href":"https:\/\/nszzpwsrp.pl\/sample-page\/wp-json\/wp\/v2\/posts\/173"}],"collection":[{"href":"https:\/\/nszzpwsrp.pl\/sample-page\/wp-json\/wp\/v2\/posts"}],"about":[{"href":"https:\/\/nszzpwsrp.pl\/sample-page\/wp-json\/wp\/v2\/types\/post"}],"author":[{"embeddable":true,"href":"https:\/\/nszzpwsrp.pl\/sample-page\/wp-json\/wp\/v2\/users\/1"}],"replies":[{"embeddable":true,"href":"https:\/\/nszzpwsrp.pl\/sample-page\/wp-json\/wp\/v2\/comments?post=173"}],"version-history":[{"count":14,"href":"https:\/\/nszzpwsrp.pl\/sample-page\/wp-json\/wp\/v2\/posts\/173\/revisions"}],"predecessor-version":[{"id":194,"href":"https:\/\/nszzpwsrp.pl\/sample-page\/wp-json\/wp\/v2\/posts\/173\/revisions\/194"}],"wp:attachment":[{"href":"https:\/\/nszzpwsrp.pl\/sample-page\/wp-json\/wp\/v2\/media?parent=173"}],"wp:term":[{"taxonomy":"category","embeddable":true,"href":"https:\/\/nszzpwsrp.pl\/sample-page\/wp-json\/wp\/v2\/categories?post=173"},{"taxonomy":"post_tag","embeddable":true,"href":"https:\/\/nszzpwsrp.pl\/sample-page\/wp-json\/wp\/v2\/tags?post=173"}],"curies":[{"name":"wp","href":"https:\/\/api.w.org\/{rel}","templated":true}]}}