{"id":1226,"date":"2026-02-15T13:05:43","date_gmt":"2026-02-15T13:05:43","guid":{"rendered":"https:\/\/nszzpwsrp.pl\/sample-page\/?p=1226"},"modified":"2026-02-22T10:14:02","modified_gmt":"2026-02-22T10:14:02","slug":"budzet-2026-oraz-ustawa-o-pracownikach-sadow","status":"publish","type":"post","link":"https:\/\/nszzpwsrp.pl\/sample-page\/blog\/2026\/02\/15\/budzet-2026-oraz-ustawa-o-pracownikach-sadow\/","title":{"rendered":"Bud\u017cet 2026 oraz ustawa o pracownikach s\u0105d\u00f3w"},"content":{"rendered":"\n<p>Szanowni Pracownicy S\u0105d\u00f3w i Prokuratur,<\/p>\n\n\n\n<p>uprzejmie informujemy, i\u017c w dniu 16 lutego 2026 roku odb\u0119dzie si\u0119 spotkanie  w Ministerstwie Sprawiedliwo\u015bci z Panem&nbsp; Ministrem Sprawiedliwo\u015bci Waldemarem \u017burkiem a&nbsp;tematami spotkania b\u0119d\u0105<\/p>\n\n\n\n<ol>\n<li>bud\u017cet na 2026 r.;<\/li>\n\n\n\n<li>ustawa o pracownikach s\u0105d\u00f3w.<\/li>\n<\/ol>\n\n\n\n<p><strong>w imieniu NSZZ Pracownik\u00f3w Wymiaru Sprawiedliwo\u015bci RP z siedzib\u0105 w Poznaniu w spotkaniu udzia\u0142 wezm\u0105:<\/strong><\/p>\n\n\n\n<p><strong>1. El\u017cbieta Aleksandrowicz Przewodnicz\u0105ca Prezydium Zarz\u0105du G\u0142\u00f3wnego NSZZ Pracownik\u00f3w Wymiaru Sprawiedliwo\u015bci RP<\/strong><\/p>\n\n\n\n<p><strong>2. Piotr Doma\u0144ski Zast\u0119pca Przewodnicz\u0105cej Prezydium Zarz\u0105du G\u0142\u00f3wnego NSZZ Pracownik\u00f3w Wymiaru Sprawiedliwo\u015bci RP<\/strong><\/p>\n\n\n\n<p><strong>3. Joanna Rusin Cz\u0142onek Zarz\u0105du G\u0142\u00f3wnego NSZZ Pracownik\u00f3w Wymiaru Sprawiedliwo\u015bci RP&nbsp;<\/strong><\/p>\n\n\n\n<p><strong>4. Szymon Kubica NSZZ Pracownik\u00f3w Wymiaru Sprawiedliwo\u015bci RP&nbsp;<\/strong><\/p>\n\n\n\n<p>Jednocze\u015bnie informuj\u0119 i\u017c zwr\u00f3ci\u0142am si\u0119 przed spotkaniem o przedstawienie przez MS danych zwi\u0105zanych z tematami&nbsp; spotkania, w tym:<\/p>\n\n\n\n<p>&#8211;&nbsp; projektu nowej ustawy o pracownikach s\u0105downictwa nad kt\u00f3rym prace trwaj\u0105 od prawie dw\u00f3ch lat, celem merytorycznego przygotowania si\u0119 do dyskusji ;<\/p>\n\n\n\n<p>&#8211; informacji o minimalnych i maksymalnych wynagrodzeniach na poszczeg\u00f3lnych stanowiskach w pionach orzeczniczym i nieorzeczniczym w poszczeg\u00f3lnych s\u0105dach, kt\u00f3rymi dysponuj\u0105 Dyrektorzy S\u0105d\u00f3w Apelacyjnych.<\/p>\n\n\n\n<p>z powa\u017caniem<\/p>\n\n\n\n<p><strong><em>El\u017cbieta Aleksandrowicz<\/em><\/strong><\/p>\n\n\n\n<p><strong><em>Przewodnicz\u0105ca&nbsp;Prezydium&nbsp;Zarz\u0105du G\u0142\u00f3wnego<\/em><\/strong><\/p>\n\n\n\n<p><strong><em>NSZZ Pracownik\u00f3w Wymiaru Sprawiedliwo\u015bci RP<\/em><\/strong><\/p>\n\n\n\n<p><strong><em>Przewodnicz\u0105ca&nbsp; Rady&nbsp; OPZZ&nbsp; Bran\u017cy Us\u0142ugi Publiczne<\/em><\/strong><\/p>\n\n\n\n<p><strong><em>Cz\u0142onek Rady Dialogu Spo\u0142ecznego<\/em><\/strong><\/p>\n\n\n\n<p><em>adres: ul. Piaskowa 4-5 , 61-753&nbsp; Pozna\u0144,&nbsp;<\/em><\/p>\n\n\n\n<p><em>tel.<\/em><strong><em>&nbsp;575-450-250<\/em><\/strong><\/p>\n\n\n\n<p><em>e-mail:&nbsp;<strong><a href=\"mailto:elzbieta.aleksandrowicz@nszzpwsrp.pl\" target=\"_blank\" rel=\"noreferrer noopener\">elzbieta.aleksandrowicz@nszzpwsrp.pl<\/a><\/strong><\/em><\/p>\n","protected":false},"excerpt":{"rendered":"<p>Szanowni Pracownicy S\u0105d\u00f3w i Prokuratur, uprzejmie informujemy, i\u017c w dniu 16 lutego 2026 roku odb\u0119dzie si\u0119 spotkanie w Ministerstwie Sprawiedliwo\u015bci z Panem&nbsp; Ministrem Sprawiedliwo\u015bci Waldemarem \u017burkiem a&nbsp;tematami spotkania b\u0119d\u0105 w imieniu NSZZ Pracownik\u00f3w Wymiaru Sprawiedliwo\u015bci RP z siedzib\u0105 w Poznaniu w spotkaniu udzia\u0142 wezm\u0105: 1. El\u017cbieta Aleksandrowicz Przewodnicz\u0105ca Prezydium Zarz\u0105du G\u0142\u00f3wnego NSZZ Pracownik\u00f3w Wymiaru Sprawiedliwo\u015bci [&hellip;]<\/p>\n","protected":false},"author":1,"featured_media":1229,"comment_status":"closed","ping_status":"closed","sticky":false,"template":"","format":"standard","meta":{"_bbp_topic_count":0,"_bbp_reply_count":0,"_bbp_total_topic_count":0,"_bbp_total_reply_count":0,"_bbp_voice_count":0,"_bbp_anonymous_reply_count":0,"_bbp_topic_count_hidden":0,"_bbp_reply_count_hidden":0,"_bbp_forum_subforum_count":0,"_jetpack_newsletter_access":""},"categories":[1],"tags":[],"yoast_head":"<!-- This site is optimized with the Yoast SEO plugin v19.11 - https:\/\/yoast.com\/wordpress\/plugins\/seo\/ -->\n<title>Bud\u017cet 2026 oraz ustawa o pracownikach s\u0105d\u00f3w - NSZZ Pracownik\u00f3w Wymiaru Sprawiedliwo\u015bci RP<\/title>\n<meta name=\"robots\" content=\"index, follow, max-snippet:-1, max-image-preview:large, max-video-preview:-1\" \/>\n<link rel=\"canonical\" href=\"https:\/\/nszzpwsrp.pl\/sample-page\/blog\/2026\/02\/15\/budzet-2026-oraz-ustawa-o-pracownikach-sadow\/\" \/>\n<meta property=\"og:locale\" content=\"pl_PL\" \/>\n<meta property=\"og:type\" content=\"article\" \/>\n<meta property=\"og:title\" content=\"Bud\u017cet 2026 oraz ustawa o pracownikach s\u0105d\u00f3w - NSZZ Pracownik\u00f3w Wymiaru Sprawiedliwo\u015bci RP\" \/>\n<meta property=\"og:description\" content=\"Szanowni Pracownicy S\u0105d\u00f3w i Prokuratur, uprzejmie informujemy, i\u017c w dniu 16 lutego 2026 roku odb\u0119dzie si\u0119 spotkanie w Ministerstwie Sprawiedliwo\u015bci z Panem&nbsp; Ministrem Sprawiedliwo\u015bci Waldemarem \u017burkiem a&nbsp;tematami spotkania b\u0119d\u0105 w imieniu NSZZ Pracownik\u00f3w Wymiaru Sprawiedliwo\u015bci RP z siedzib\u0105 w Poznaniu w spotkaniu udzia\u0142 wezm\u0105: 1. El\u017cbieta Aleksandrowicz Przewodnicz\u0105ca Prezydium Zarz\u0105du G\u0142\u00f3wnego NSZZ Pracownik\u00f3w Wymiaru Sprawiedliwo\u015bci [&hellip;]\" \/>\n<meta property=\"og:url\" content=\"https:\/\/nszzpwsrp.pl\/sample-page\/blog\/2026\/02\/15\/budzet-2026-oraz-ustawa-o-pracownikach-sadow\/\" \/>\n<meta property=\"og:site_name\" content=\"NSZZ Pracownik\u00f3w Wymiaru Sprawiedliwo\u015bci RP\" \/>\n<meta property=\"article:published_time\" content=\"2026-02-15T13:05:43+00:00\" \/>\n<meta property=\"article:modified_time\" content=\"2026-02-22T10:14:02+00:00\" \/>\n<meta property=\"og:image\" content=\"https:\/\/nszzpwsrp.pl\/wp-content\/uploads\/2026\/02\/logo-30.jpg\" \/>\n\t<meta property=\"og:image:width\" content=\"104\" \/>\n\t<meta property=\"og:image:height\" content=\"85\" \/>\n\t<meta property=\"og:image:type\" content=\"image\/jpeg\" \/>\n<meta name=\"author\" content=\"admin\" \/>\n<meta name=\"twitter:card\" content=\"summary_large_image\" \/>\n<meta name=\"twitter:label1\" content=\"Napisane przez\" \/>\n\t<meta name=\"twitter:data1\" content=\"admin\" \/>\n\t<meta name=\"twitter:label2\" content=\"Szacowany czas czytania\" \/>\n\t<meta name=\"twitter:data2\" content=\"2 minuty\" \/>\n<script type=\"application\/ld+json\" class=\"yoast-schema-graph\">{\"@context\":\"https:\/\/schema.org\",\"@graph\":[{\"@type\":\"Article\",\"@id\":\"https:\/\/nszzpwsrp.pl\/sample-page\/blog\/2026\/02\/15\/budzet-2026-oraz-ustawa-o-pracownikach-sadow\/#article\",\"isPartOf\":{\"@id\":\"https:\/\/nszzpwsrp.pl\/sample-page\/blog\/2026\/02\/15\/budzet-2026-oraz-ustawa-o-pracownikach-sadow\/\"},\"author\":{\"name\":\"admin\",\"@id\":\"https:\/\/nszzpwsrp.pl\/sample-page\/#\/schema\/person\/64b49ea93748f9033e2ea7b0609da7be\"},\"headline\":\"Bud\u017cet 2026 oraz ustawa o pracownikach s\u0105d\u00f3w\",\"datePublished\":\"2026-02-15T13:05:43+00:00\",\"dateModified\":\"2026-02-22T10:14:02+00:00\",\"mainEntityOfPage\":{\"@id\":\"https:\/\/nszzpwsrp.pl\/sample-page\/blog\/2026\/02\/15\/budzet-2026-oraz-ustawa-o-pracownikach-sadow\/\"},\"wordCount\":269,\"publisher\":{\"@id\":\"https:\/\/nszzpwsrp.pl\/sample-page\/#organization\"},\"articleSection\":[\"NSZZ PWS RP\"],\"inLanguage\":\"pl-PL\"},{\"@type\":\"WebPage\",\"@id\":\"https:\/\/nszzpwsrp.pl\/sample-page\/blog\/2026\/02\/15\/budzet-2026-oraz-ustawa-o-pracownikach-sadow\/\",\"url\":\"https:\/\/nszzpwsrp.pl\/sample-page\/blog\/2026\/02\/15\/budzet-2026-oraz-ustawa-o-pracownikach-sadow\/\",\"name\":\"Bud\u017cet 2026 oraz ustawa o pracownikach s\u0105d\u00f3w - NSZZ Pracownik\u00f3w Wymiaru Sprawiedliwo\u015bci RP\",\"isPartOf\":{\"@id\":\"https:\/\/nszzpwsrp.pl\/sample-page\/#website\"},\"datePublished\":\"2026-02-15T13:05:43+00:00\",\"dateModified\":\"2026-02-22T10:14:02+00:00\",\"breadcrumb\":{\"@id\":\"https:\/\/nszzpwsrp.pl\/sample-page\/blog\/2026\/02\/15\/budzet-2026-oraz-ustawa-o-pracownikach-sadow\/#breadcrumb\"},\"inLanguage\":\"pl-PL\",\"potentialAction\":[{\"@type\":\"ReadAction\",\"target\":[\"https:\/\/nszzpwsrp.pl\/sample-page\/blog\/2026\/02\/15\/budzet-2026-oraz-ustawa-o-pracownikach-sadow\/\"]}]},{\"@type\":\"BreadcrumbList\",\"@id\":\"https:\/\/nszzpwsrp.pl\/sample-page\/blog\/2026\/02\/15\/budzet-2026-oraz-ustawa-o-pracownikach-sadow\/#breadcrumb\",\"itemListElement\":[{\"@type\":\"ListItem\",\"position\":1,\"name\":\"Strona g\u0142\u00f3wna\",\"item\":\"https:\/\/nszzpwsrp.pl\/sample-page\/\"},{\"@type\":\"ListItem\",\"position\":2,\"name\":\"Bud\u017cet 2026 oraz ustawa o pracownikach s\u0105d\u00f3w\"}]},{\"@type\":\"WebSite\",\"@id\":\"https:\/\/nszzpwsrp.pl\/sample-page\/#website\",\"url\":\"https:\/\/nszzpwsrp.pl\/sample-page\/\",\"name\":\"NSZZ Pracownik\u00f3w Wymiaru Sprawiedliwo\u015bci Rzeczypospolitej Polskiej\",\"description\":\"sta\u0142y cz\u0142onek Og\u00f3lnopolskiego Porozumienia Zwi\u0105zk\u00f3w Zawodowych i Europejskiej Konfederacji Zwi\u0105zk\u00f3w Zawodowych\",\"publisher\":{\"@id\":\"https:\/\/nszzpwsrp.pl\/sample-page\/#organization\"},\"potentialAction\":[{\"@type\":\"SearchAction\",\"target\":{\"@type\":\"EntryPoint\",\"urlTemplate\":\"https:\/\/nszzpwsrp.pl\/sample-page\/?s={search_term_string}\"},\"query-input\":\"required name=search_term_string\"}],\"inLanguage\":\"pl-PL\"},{\"@type\":\"Organization\",\"@id\":\"https:\/\/nszzpwsrp.pl\/sample-page\/#organization\",\"name\":\"NSZZ Pracownik\u00f3w Wymiaru Sprawiedliwo\u015bci Rzeczypospolitej Polskiej\",\"url\":\"https:\/\/nszzpwsrp.pl\/sample-page\/\",\"logo\":{\"@type\":\"ImageObject\",\"inLanguage\":\"pl-PL\",\"@id\":\"https:\/\/nszzpwsrp.pl\/sample-page\/#\/schema\/logo\/image\/\",\"url\":\"https:\/\/nszzpwsrp.pl\/wp-content\/uploads\/2018\/11\/logo-e1541235346564.png\",\"contentUrl\":\"https:\/\/nszzpwsrp.pl\/wp-content\/uploads\/2018\/11\/logo-e1541235346564.png\",\"width\":250,\"height\":250,\"caption\":\"NSZZ Pracownik\u00f3w Wymiaru Sprawiedliwo\u015bci Rzeczypospolitej Polskiej\"},\"image\":{\"@id\":\"https:\/\/nszzpwsrp.pl\/sample-page\/#\/schema\/logo\/image\/\"}},{\"@type\":\"Person\",\"@id\":\"https:\/\/nszzpwsrp.pl\/sample-page\/#\/schema\/person\/64b49ea93748f9033e2ea7b0609da7be\",\"name\":\"admin\"}]}<\/script>\n<!-- \/ Yoast SEO plugin. -->","yoast_head_json":{"title":"Bud\u017cet 2026 oraz ustawa o pracownikach s\u0105d\u00f3w - NSZZ Pracownik\u00f3w Wymiaru Sprawiedliwo\u015bci RP","robots":{"index":"index","follow":"follow","max-snippet":"max-snippet:-1","max-image-preview":"max-image-preview:large","max-video-preview":"max-video-preview:-1"},"canonical":"https:\/\/nszzpwsrp.pl\/sample-page\/blog\/2026\/02\/15\/budzet-2026-oraz-ustawa-o-pracownikach-sadow\/","og_locale":"pl_PL","og_type":"article","og_title":"Bud\u017cet 2026 oraz ustawa o pracownikach s\u0105d\u00f3w - NSZZ Pracownik\u00f3w Wymiaru Sprawiedliwo\u015bci RP","og_description":"Szanowni Pracownicy S\u0105d\u00f3w i Prokuratur, uprzejmie informujemy, i\u017c w dniu 16 lutego 2026 roku odb\u0119dzie si\u0119 spotkanie w Ministerstwie Sprawiedliwo\u015bci z Panem&nbsp; Ministrem Sprawiedliwo\u015bci Waldemarem \u017burkiem a&nbsp;tematami spotkania b\u0119d\u0105 w imieniu NSZZ Pracownik\u00f3w Wymiaru Sprawiedliwo\u015bci RP z siedzib\u0105 w Poznaniu w spotkaniu udzia\u0142 wezm\u0105: 1. El\u017cbieta Aleksandrowicz Przewodnicz\u0105ca Prezydium Zarz\u0105du G\u0142\u00f3wnego NSZZ Pracownik\u00f3w Wymiaru Sprawiedliwo\u015bci [&hellip;]","og_url":"https:\/\/nszzpwsrp.pl\/sample-page\/blog\/2026\/02\/15\/budzet-2026-oraz-ustawa-o-pracownikach-sadow\/","og_site_name":"NSZZ Pracownik\u00f3w Wymiaru Sprawiedliwo\u015bci RP","article_published_time":"2026-02-15T13:05:43+00:00","article_modified_time":"2026-02-22T10:14:02+00:00","og_image":[{"width":104,"height":85,"url":"https:\/\/nszzpwsrp.pl\/wp-content\/uploads\/2026\/02\/logo-30.jpg","type":"image\/jpeg"}],"author":"admin","twitter_card":"summary_large_image","twitter_misc":{"Napisane przez":"admin","Szacowany czas czytania":"2 minuty"},"schema":{"@context":"https:\/\/schema.org","@graph":[{"@type":"Article","@id":"https:\/\/nszzpwsrp.pl\/sample-page\/blog\/2026\/02\/15\/budzet-2026-oraz-ustawa-o-pracownikach-sadow\/#article","isPartOf":{"@id":"https:\/\/nszzpwsrp.pl\/sample-page\/blog\/2026\/02\/15\/budzet-2026-oraz-ustawa-o-pracownikach-sadow\/"},"author":{"name":"admin","@id":"https:\/\/nszzpwsrp.pl\/sample-page\/#\/schema\/person\/64b49ea93748f9033e2ea7b0609da7be"},"headline":"Bud\u017cet 2026 oraz ustawa o pracownikach s\u0105d\u00f3w","datePublished":"2026-02-15T13:05:43+00:00","dateModified":"2026-02-22T10:14:02+00:00","mainEntityOfPage":{"@id":"https:\/\/nszzpwsrp.pl\/sample-page\/blog\/2026\/02\/15\/budzet-2026-oraz-ustawa-o-pracownikach-sadow\/"},"wordCount":269,"publisher":{"@id":"https:\/\/nszzpwsrp.pl\/sample-page\/#organization"},"articleSection":["NSZZ PWS RP"],"inLanguage":"pl-PL"},{"@type":"WebPage","@id":"https:\/\/nszzpwsrp.pl\/sample-page\/blog\/2026\/02\/15\/budzet-2026-oraz-ustawa-o-pracownikach-sadow\/","url":"https:\/\/nszzpwsrp.pl\/sample-page\/blog\/2026\/02\/15\/budzet-2026-oraz-ustawa-o-pracownikach-sadow\/","name":"Bud\u017cet 2026 oraz ustawa o pracownikach s\u0105d\u00f3w - NSZZ Pracownik\u00f3w Wymiaru Sprawiedliwo\u015bci RP","isPartOf":{"@id":"https:\/\/nszzpwsrp.pl\/sample-page\/#website"},"datePublished":"2026-02-15T13:05:43+00:00","dateModified":"2026-02-22T10:14:02+00:00","breadcrumb":{"@id":"https:\/\/nszzpwsrp.pl\/sample-page\/blog\/2026\/02\/15\/budzet-2026-oraz-ustawa-o-pracownikach-sadow\/#breadcrumb"},"inLanguage":"pl-PL","potentialAction":[{"@type":"ReadAction","target":["https:\/\/nszzpwsrp.pl\/sample-page\/blog\/2026\/02\/15\/budzet-2026-oraz-ustawa-o-pracownikach-sadow\/"]}]},{"@type":"BreadcrumbList","@id":"https:\/\/nszzpwsrp.pl\/sample-page\/blog\/2026\/02\/15\/budzet-2026-oraz-ustawa-o-pracownikach-sadow\/#breadcrumb","itemListElement":[{"@type":"ListItem","position":1,"name":"Strona g\u0142\u00f3wna","item":"https:\/\/nszzpwsrp.pl\/sample-page\/"},{"@type":"ListItem","position":2,"name":"Bud\u017cet 2026 oraz ustawa o pracownikach s\u0105d\u00f3w"}]},{"@type":"WebSite","@id":"https:\/\/nszzpwsrp.pl\/sample-page\/#website","url":"https:\/\/nszzpwsrp.pl\/sample-page\/","name":"NSZZ Pracownik\u00f3w Wymiaru Sprawiedliwo\u015bci Rzeczypospolitej Polskiej","description":"sta\u0142y cz\u0142onek Og\u00f3lnopolskiego Porozumienia Zwi\u0105zk\u00f3w Zawodowych i Europejskiej Konfederacji Zwi\u0105zk\u00f3w Zawodowych","publisher":{"@id":"https:\/\/nszzpwsrp.pl\/sample-page\/#organization"},"potentialAction":[{"@type":"SearchAction","target":{"@type":"EntryPoint","urlTemplate":"https:\/\/nszzpwsrp.pl\/sample-page\/?s={search_term_string}"},"query-input":"required name=search_term_string"}],"inLanguage":"pl-PL"},{"@type":"Organization","@id":"https:\/\/nszzpwsrp.pl\/sample-page\/#organization","name":"NSZZ Pracownik\u00f3w Wymiaru Sprawiedliwo\u015bci Rzeczypospolitej Polskiej","url":"https:\/\/nszzpwsrp.pl\/sample-page\/","logo":{"@type":"ImageObject","inLanguage":"pl-PL","@id":"https:\/\/nszzpwsrp.pl\/sample-page\/#\/schema\/logo\/image\/","url":"https:\/\/nszzpwsrp.pl\/wp-content\/uploads\/2018\/11\/logo-e1541235346564.png","contentUrl":"https:\/\/nszzpwsrp.pl\/wp-content\/uploads\/2018\/11\/logo-e1541235346564.png","width":250,"height":250,"caption":"NSZZ Pracownik\u00f3w Wymiaru Sprawiedliwo\u015bci Rzeczypospolitej Polskiej"},"image":{"@id":"https:\/\/nszzpwsrp.pl\/sample-page\/#\/schema\/logo\/image\/"}},{"@type":"Person","@id":"https:\/\/nszzpwsrp.pl\/sample-page\/#\/schema\/person\/64b49ea93748f9033e2ea7b0609da7be","name":"admin"}]}},"jetpack_featured_media_url":"https:\/\/nszzpwsrp.pl\/wp-content\/uploads\/2026\/02\/logo-30.jpg","jetpack_sharing_enabled":true,"jetpack_shortlink":"https:\/\/wp.me\/patX8E-jM","_links":{"self":[{"href":"https:\/\/nszzpwsrp.pl\/sample-page\/wp-json\/wp\/v2\/posts\/1226"}],"collection":[{"href":"https:\/\/nszzpwsrp.pl\/sample-page\/wp-json\/wp\/v2\/posts"}],"about":[{"href":"https:\/\/nszzpwsrp.pl\/sample-page\/wp-json\/wp\/v2\/types\/post"}],"author":[{"embeddable":true,"href":"https:\/\/nszzpwsrp.pl\/sample-page\/wp-json\/wp\/v2\/users\/1"}],"replies":[{"embeddable":true,"href":"https:\/\/nszzpwsrp.pl\/sample-page\/wp-json\/wp\/v2\/comments?post=1226"}],"version-history":[{"count":3,"href":"https:\/\/nszzpwsrp.pl\/sample-page\/wp-json\/wp\/v2\/posts\/1226\/revisions"}],"predecessor-version":[{"id":1230,"href":"https:\/\/nszzpwsrp.pl\/sample-page\/wp-json\/wp\/v2\/posts\/1226\/revisions\/1230"}],"wp:featuredmedia":[{"embeddable":true,"href":"https:\/\/nszzpwsrp.pl\/sample-page\/wp-json\/wp\/v2\/media\/1229"}],"wp:attachment":[{"href":"https:\/\/nszzpwsrp.pl\/sample-page\/wp-json\/wp\/v2\/media?parent=1226"}],"wp:term":[{"taxonomy":"category","embeddable":true,"href":"https:\/\/nszzpwsrp.pl\/sample-page\/wp-json\/wp\/v2\/categories?post=1226"},{"taxonomy":"post_tag","embeddable":true,"href":"https:\/\/nszzpwsrp.pl\/sample-page\/wp-json\/wp\/v2\/tags?post=1226"}],"curies":[{"name":"wp","href":"https:\/\/api.w.org\/{rel}","templated":true}]}}