{"id":1193,"date":"2021-11-21T12:31:17","date_gmt":"2021-11-21T12:31:17","guid":{"rendered":"https:\/\/nszzpwsrp.pl\/sample-page\/?p=1193"},"modified":"2021-11-21T14:08:26","modified_gmt":"2021-11-21T14:08:26","slug":"6-srodki-na-dodatki-motywacyjne-juz-na-jednostkach","status":"publish","type":"post","link":"https:\/\/nszzpwsrp.pl\/sample-page\/blog\/2021\/11\/21\/6-srodki-na-dodatki-motywacyjne-juz-na-jednostkach\/","title":{"rendered":"6 % \u015brodki na dodatki motywacyjne ju\u017c na jednostkach"},"content":{"rendered":"<h2>6 % ju\u017c na jednostkach<\/h2>\n<p>\u015arodki na 6 procentowe niesta\u0142e sk\u0142adniki o charakterze motywacyjnym ju\u017c trafi\u0142y&nbsp; na poszczeg\u00f3lne jednostki s\u0105d\u00f3w powszechnych. Jednak najwa\u017cniejszym dla NAS jest zapis kt\u00f3ry obliguje dyrektor\u00f3w do bezwzgl\u0119dnego wyp\u0142acenia ww. \u015brodk\u00f3w do ko\u0144ca grudnia 2021 roku wobec stanowiska zwi\u0105zk\u00f3w zawodowych przedstawionego na spotkaniu z udzia\u0142em&nbsp; Ministra Micha\u0142a Wosia&nbsp; w dnia 16 listopada 2021 roku.&nbsp;<\/p>\n<p>Nale\u017cy zwr\u00f3ci\u0107 uwag\u0119 na fakt, i\u017c w dniu 4 pa\u017adziernika 2021 roku jedynie 3&nbsp; REPREZENTATYWNE&nbsp; organizacje zwi\u0105zkowe podpisa\u0142y porozumienie na mocy kt\u00f3rego pracownicy s\u0105d\u00f3w otrzymaj\u0105 dodatkowe&nbsp; \u015brodki na dodatki motywacyjne jeszcze w 2021 roku, cho\u0107 ustawa oko\u0142obud\u017cetowa jasno wskazywa\u0142a, i\u017c \u015brodki te mog\u0105 zosta\u0107 wydatkowane przez&nbsp; dysponent\u00f3w 3 stopnia w okresie od 1 wrze\u015bnia 2021 roku do&nbsp; <strong>30 listopada 2022 roku.&nbsp;<\/strong><\/p>\n<p>To dzi\u0119ki NAM czyli<\/p>\n<p><strong>NSZZ Pracownik\u00f3w Wymiaru Sprawiedliwo\u015bci RP z siedzib\u0105 w Poznaniu,<\/strong><\/p>\n<p><strong>MOZ NSZZ Solidarno\u015b\u0107 Pracownik\u00f3w S\u0105downictwa i Prokuratury oraz<\/strong><\/p>\n<p><strong>ZZ Pracownik\u00f3w Wymiaru Sprawiedliwo\u015bci RP z siedzib\u0105 w Warszawie<\/strong><\/p>\n<p>te \u015brodki trafi\u0105 do Was jeszcze w grudniu.&nbsp;<\/p>\n<p>ALE DALEJ WALCZYMY O 12 %<\/p>\n","protected":false},"excerpt":{"rendered":"<p>6 % ju\u017c na jednostkach \u015arodki na 6 procentowe niesta\u0142e sk\u0142adniki o charakterze motywacyjnym ju\u017c trafi\u0142y&nbsp; na poszczeg\u00f3lne jednostki s\u0105d\u00f3w powszechnych. Jednak najwa\u017cniejszym dla NAS jest zapis kt\u00f3ry obliguje dyrektor\u00f3w do bezwzgl\u0119dnego wyp\u0142acenia ww. \u015brodk\u00f3w do ko\u0144ca grudnia 2021 roku wobec stanowiska zwi\u0105zk\u00f3w zawodowych przedstawionego na spotkaniu z udzia\u0142em&nbsp; Ministra Micha\u0142a Wosia&nbsp; w dnia 16 [&hellip;]<\/p>\n","protected":false},"author":1,"featured_media":1074,"comment_status":"open","ping_status":"open","sticky":false,"template":"","format":"standard","meta":{"_bbp_topic_count":0,"_bbp_reply_count":0,"_bbp_total_topic_count":0,"_bbp_total_reply_count":0,"_bbp_voice_count":0,"_bbp_anonymous_reply_count":0,"_bbp_topic_count_hidden":0,"_bbp_reply_count_hidden":0,"_bbp_forum_subforum_count":0,"_jetpack_newsletter_access":""},"categories":[1],"tags":[],"yoast_head":"<!-- This site is optimized with the Yoast SEO plugin v19.11 - https:\/\/yoast.com\/wordpress\/plugins\/seo\/ -->\n<title>6 % \u015brodki na dodatki motywacyjne ju\u017c na jednostkach - NSZZ Pracownik\u00f3w Wymiaru Sprawiedliwo\u015bci RP<\/title>\n<meta name=\"robots\" content=\"index, follow, max-snippet:-1, max-image-preview:large, max-video-preview:-1\" \/>\n<link rel=\"canonical\" href=\"https:\/\/nszzpwsrp.pl\/sample-page\/blog\/2021\/11\/21\/6-srodki-na-dodatki-motywacyjne-juz-na-jednostkach\/\" \/>\n<meta property=\"og:locale\" content=\"pl_PL\" \/>\n<meta property=\"og:type\" content=\"article\" \/>\n<meta property=\"og:title\" content=\"NSZZ PWS RP za\u0142atwi\u0142o Wam 6% jeszcze w 2021 roku\" \/>\n<meta property=\"og:description\" content=\"6 % ju\u017c na jednostkach \u015arodki na 6 procentowe niesta\u0142e sk\u0142adniki o charakterze motywacyjnym ju\u017c trafi\u0142y&nbsp; na poszczeg\u00f3lne jednostki s\u0105d\u00f3w powszechnych. Jednak najwa\u017cniejszym dla NAS jest zapis kt\u00f3ry obliguje dyrektor\u00f3w do bezwzgl\u0119dnego wyp\u0142acenia ww. \u015brodk\u00f3w do ko\u0144ca grudnia 2021 roku wobec stanowiska zwi\u0105zk\u00f3w zawodowych przedstawionego na spotkaniu z udzia\u0142em&nbsp; Ministra Micha\u0142a Wosia&nbsp; w dnia 16 [&hellip;]\" \/>\n<meta property=\"og:url\" content=\"https:\/\/nszzpwsrp.pl\/sample-page\/blog\/2021\/11\/21\/6-srodki-na-dodatki-motywacyjne-juz-na-jednostkach\/\" \/>\n<meta property=\"og:site_name\" content=\"NSZZ Pracownik\u00f3w Wymiaru Sprawiedliwo\u015bci RP\" \/>\n<meta property=\"article:published_time\" content=\"2021-11-21T12:31:17+00:00\" \/>\n<meta property=\"article:modified_time\" content=\"2021-11-21T14:08:26+00:00\" \/>\n<meta property=\"og:image\" content=\"https:\/\/nszzpwsrp.pl\/wp-content\/uploads\/2021\/11\/248210863_2162556290563199_137969045052965000_n-2.jpg\" \/>\n\t<meta property=\"og:image:width\" content=\"508\" \/>\n\t<meta property=\"og:image:height\" content=\"635\" \/>\n\t<meta property=\"og:image:type\" content=\"image\/jpeg\" \/>\n<meta name=\"author\" content=\"admin\" \/>\n<meta name=\"twitter:card\" content=\"summary_large_image\" \/>\n<meta name=\"twitter:label1\" content=\"Napisane przez\" \/>\n\t<meta name=\"twitter:data1\" content=\"admin\" \/>\n\t<meta name=\"twitter:label2\" content=\"Szacowany czas czytania\" \/>\n\t<meta name=\"twitter:data2\" content=\"1 minuta\" \/>\n<script type=\"application\/ld+json\" class=\"yoast-schema-graph\">{\"@context\":\"https:\/\/schema.org\",\"@graph\":[{\"@type\":\"Article\",\"@id\":\"https:\/\/nszzpwsrp.pl\/sample-page\/blog\/2021\/11\/21\/6-srodki-na-dodatki-motywacyjne-juz-na-jednostkach\/#article\",\"isPartOf\":{\"@id\":\"https:\/\/nszzpwsrp.pl\/sample-page\/blog\/2021\/11\/21\/6-srodki-na-dodatki-motywacyjne-juz-na-jednostkach\/\"},\"author\":{\"name\":\"admin\",\"@id\":\"https:\/\/nszzpwsrp.pl\/sample-page\/#\/schema\/person\/64b49ea93748f9033e2ea7b0609da7be\"},\"headline\":\"6 % \u015brodki na dodatki motywacyjne ju\u017c na jednostkach\",\"datePublished\":\"2021-11-21T12:31:17+00:00\",\"dateModified\":\"2021-11-21T14:08:26+00:00\",\"mainEntityOfPage\":{\"@id\":\"https:\/\/nszzpwsrp.pl\/sample-page\/blog\/2021\/11\/21\/6-srodki-na-dodatki-motywacyjne-juz-na-jednostkach\/\"},\"wordCount\":201,\"commentCount\":0,\"publisher\":{\"@id\":\"https:\/\/nszzpwsrp.pl\/sample-page\/#organization\"},\"articleSection\":[\"NSZZ PWS RP\"],\"inLanguage\":\"pl-PL\",\"potentialAction\":[{\"@type\":\"CommentAction\",\"name\":\"Comment\",\"target\":[\"https:\/\/nszzpwsrp.pl\/sample-page\/blog\/2021\/11\/21\/6-srodki-na-dodatki-motywacyjne-juz-na-jednostkach\/#respond\"]}]},{\"@type\":\"WebPage\",\"@id\":\"https:\/\/nszzpwsrp.pl\/sample-page\/blog\/2021\/11\/21\/6-srodki-na-dodatki-motywacyjne-juz-na-jednostkach\/\",\"url\":\"https:\/\/nszzpwsrp.pl\/sample-page\/blog\/2021\/11\/21\/6-srodki-na-dodatki-motywacyjne-juz-na-jednostkach\/\",\"name\":\"6 % \u015brodki na dodatki motywacyjne ju\u017c na jednostkach - NSZZ Pracownik\u00f3w Wymiaru Sprawiedliwo\u015bci RP\",\"isPartOf\":{\"@id\":\"https:\/\/nszzpwsrp.pl\/sample-page\/#website\"},\"datePublished\":\"2021-11-21T12:31:17+00:00\",\"dateModified\":\"2021-11-21T14:08:26+00:00\",\"breadcrumb\":{\"@id\":\"https:\/\/nszzpwsrp.pl\/sample-page\/blog\/2021\/11\/21\/6-srodki-na-dodatki-motywacyjne-juz-na-jednostkach\/#breadcrumb\"},\"inLanguage\":\"pl-PL\",\"potentialAction\":[{\"@type\":\"ReadAction\",\"target\":[\"https:\/\/nszzpwsrp.pl\/sample-page\/blog\/2021\/11\/21\/6-srodki-na-dodatki-motywacyjne-juz-na-jednostkach\/\"]}]},{\"@type\":\"BreadcrumbList\",\"@id\":\"https:\/\/nszzpwsrp.pl\/sample-page\/blog\/2021\/11\/21\/6-srodki-na-dodatki-motywacyjne-juz-na-jednostkach\/#breadcrumb\",\"itemListElement\":[{\"@type\":\"ListItem\",\"position\":1,\"name\":\"Strona g\u0142\u00f3wna\",\"item\":\"https:\/\/nszzpwsrp.pl\/sample-page\/\"},{\"@type\":\"ListItem\",\"position\":2,\"name\":\"6 % \u015brodki na dodatki motywacyjne ju\u017c na jednostkach\"}]},{\"@type\":\"WebSite\",\"@id\":\"https:\/\/nszzpwsrp.pl\/sample-page\/#website\",\"url\":\"https:\/\/nszzpwsrp.pl\/sample-page\/\",\"name\":\"NSZZ Pracownik\u00f3w Wymiaru Sprawiedliwo\u015bci Rzeczypospolitej Polskiej\",\"description\":\"sta\u0142y cz\u0142onek Og\u00f3lnopolskiego Porozumienia Zwi\u0105zk\u00f3w Zawodowych i Europejskiej Konfederacji Zwi\u0105zk\u00f3w Zawodowych\",\"publisher\":{\"@id\":\"https:\/\/nszzpwsrp.pl\/sample-page\/#organization\"},\"potentialAction\":[{\"@type\":\"SearchAction\",\"target\":{\"@type\":\"EntryPoint\",\"urlTemplate\":\"https:\/\/nszzpwsrp.pl\/sample-page\/?s={search_term_string}\"},\"query-input\":\"required name=search_term_string\"}],\"inLanguage\":\"pl-PL\"},{\"@type\":\"Organization\",\"@id\":\"https:\/\/nszzpwsrp.pl\/sample-page\/#organization\",\"name\":\"NSZZ Pracownik\u00f3w Wymiaru Sprawiedliwo\u015bci Rzeczypospolitej Polskiej\",\"url\":\"https:\/\/nszzpwsrp.pl\/sample-page\/\",\"logo\":{\"@type\":\"ImageObject\",\"inLanguage\":\"pl-PL\",\"@id\":\"https:\/\/nszzpwsrp.pl\/sample-page\/#\/schema\/logo\/image\/\",\"url\":\"https:\/\/nszzpwsrp.pl\/wp-content\/uploads\/2018\/11\/logo-e1541235346564.png\",\"contentUrl\":\"https:\/\/nszzpwsrp.pl\/wp-content\/uploads\/2018\/11\/logo-e1541235346564.png\",\"width\":250,\"height\":250,\"caption\":\"NSZZ Pracownik\u00f3w Wymiaru Sprawiedliwo\u015bci Rzeczypospolitej Polskiej\"},\"image\":{\"@id\":\"https:\/\/nszzpwsrp.pl\/sample-page\/#\/schema\/logo\/image\/\"}},{\"@type\":\"Person\",\"@id\":\"https:\/\/nszzpwsrp.pl\/sample-page\/#\/schema\/person\/64b49ea93748f9033e2ea7b0609da7be\",\"name\":\"admin\"}]}<\/script>\n<!-- \/ Yoast SEO plugin. -->","yoast_head_json":{"title":"6 % \u015brodki na dodatki motywacyjne ju\u017c na jednostkach - NSZZ Pracownik\u00f3w Wymiaru Sprawiedliwo\u015bci RP","robots":{"index":"index","follow":"follow","max-snippet":"max-snippet:-1","max-image-preview":"max-image-preview:large","max-video-preview":"max-video-preview:-1"},"canonical":"https:\/\/nszzpwsrp.pl\/sample-page\/blog\/2021\/11\/21\/6-srodki-na-dodatki-motywacyjne-juz-na-jednostkach\/","og_locale":"pl_PL","og_type":"article","og_title":"NSZZ PWS RP za\u0142atwi\u0142o Wam 6% jeszcze w 2021 roku","og_description":"6 % ju\u017c na jednostkach \u015arodki na 6 procentowe niesta\u0142e sk\u0142adniki o charakterze motywacyjnym ju\u017c trafi\u0142y&nbsp; na poszczeg\u00f3lne jednostki s\u0105d\u00f3w powszechnych. Jednak najwa\u017cniejszym dla NAS jest zapis kt\u00f3ry obliguje dyrektor\u00f3w do bezwzgl\u0119dnego wyp\u0142acenia ww. \u015brodk\u00f3w do ko\u0144ca grudnia 2021 roku wobec stanowiska zwi\u0105zk\u00f3w zawodowych przedstawionego na spotkaniu z udzia\u0142em&nbsp; Ministra Micha\u0142a Wosia&nbsp; w dnia 16 [&hellip;]","og_url":"https:\/\/nszzpwsrp.pl\/sample-page\/blog\/2021\/11\/21\/6-srodki-na-dodatki-motywacyjne-juz-na-jednostkach\/","og_site_name":"NSZZ Pracownik\u00f3w Wymiaru Sprawiedliwo\u015bci RP","article_published_time":"2021-11-21T12:31:17+00:00","article_modified_time":"2021-11-21T14:08:26+00:00","og_image":[{"width":508,"height":635,"url":"https:\/\/nszzpwsrp.pl\/wp-content\/uploads\/2021\/11\/248210863_2162556290563199_137969045052965000_n-2.jpg","type":"image\/jpeg"}],"author":"admin","twitter_card":"summary_large_image","twitter_misc":{"Napisane przez":"admin","Szacowany czas czytania":"1 minuta"},"schema":{"@context":"https:\/\/schema.org","@graph":[{"@type":"Article","@id":"https:\/\/nszzpwsrp.pl\/sample-page\/blog\/2021\/11\/21\/6-srodki-na-dodatki-motywacyjne-juz-na-jednostkach\/#article","isPartOf":{"@id":"https:\/\/nszzpwsrp.pl\/sample-page\/blog\/2021\/11\/21\/6-srodki-na-dodatki-motywacyjne-juz-na-jednostkach\/"},"author":{"name":"admin","@id":"https:\/\/nszzpwsrp.pl\/sample-page\/#\/schema\/person\/64b49ea93748f9033e2ea7b0609da7be"},"headline":"6 % \u015brodki na dodatki motywacyjne ju\u017c na jednostkach","datePublished":"2021-11-21T12:31:17+00:00","dateModified":"2021-11-21T14:08:26+00:00","mainEntityOfPage":{"@id":"https:\/\/nszzpwsrp.pl\/sample-page\/blog\/2021\/11\/21\/6-srodki-na-dodatki-motywacyjne-juz-na-jednostkach\/"},"wordCount":201,"commentCount":0,"publisher":{"@id":"https:\/\/nszzpwsrp.pl\/sample-page\/#organization"},"articleSection":["NSZZ PWS RP"],"inLanguage":"pl-PL","potentialAction":[{"@type":"CommentAction","name":"Comment","target":["https:\/\/nszzpwsrp.pl\/sample-page\/blog\/2021\/11\/21\/6-srodki-na-dodatki-motywacyjne-juz-na-jednostkach\/#respond"]}]},{"@type":"WebPage","@id":"https:\/\/nszzpwsrp.pl\/sample-page\/blog\/2021\/11\/21\/6-srodki-na-dodatki-motywacyjne-juz-na-jednostkach\/","url":"https:\/\/nszzpwsrp.pl\/sample-page\/blog\/2021\/11\/21\/6-srodki-na-dodatki-motywacyjne-juz-na-jednostkach\/","name":"6 % \u015brodki na dodatki motywacyjne ju\u017c na jednostkach - NSZZ Pracownik\u00f3w Wymiaru Sprawiedliwo\u015bci RP","isPartOf":{"@id":"https:\/\/nszzpwsrp.pl\/sample-page\/#website"},"datePublished":"2021-11-21T12:31:17+00:00","dateModified":"2021-11-21T14:08:26+00:00","breadcrumb":{"@id":"https:\/\/nszzpwsrp.pl\/sample-page\/blog\/2021\/11\/21\/6-srodki-na-dodatki-motywacyjne-juz-na-jednostkach\/#breadcrumb"},"inLanguage":"pl-PL","potentialAction":[{"@type":"ReadAction","target":["https:\/\/nszzpwsrp.pl\/sample-page\/blog\/2021\/11\/21\/6-srodki-na-dodatki-motywacyjne-juz-na-jednostkach\/"]}]},{"@type":"BreadcrumbList","@id":"https:\/\/nszzpwsrp.pl\/sample-page\/blog\/2021\/11\/21\/6-srodki-na-dodatki-motywacyjne-juz-na-jednostkach\/#breadcrumb","itemListElement":[{"@type":"ListItem","position":1,"name":"Strona g\u0142\u00f3wna","item":"https:\/\/nszzpwsrp.pl\/sample-page\/"},{"@type":"ListItem","position":2,"name":"6 % \u015brodki na dodatki motywacyjne ju\u017c na jednostkach"}]},{"@type":"WebSite","@id":"https:\/\/nszzpwsrp.pl\/sample-page\/#website","url":"https:\/\/nszzpwsrp.pl\/sample-page\/","name":"NSZZ Pracownik\u00f3w Wymiaru Sprawiedliwo\u015bci Rzeczypospolitej Polskiej","description":"sta\u0142y cz\u0142onek Og\u00f3lnopolskiego Porozumienia Zwi\u0105zk\u00f3w Zawodowych i Europejskiej Konfederacji Zwi\u0105zk\u00f3w Zawodowych","publisher":{"@id":"https:\/\/nszzpwsrp.pl\/sample-page\/#organization"},"potentialAction":[{"@type":"SearchAction","target":{"@type":"EntryPoint","urlTemplate":"https:\/\/nszzpwsrp.pl\/sample-page\/?s={search_term_string}"},"query-input":"required name=search_term_string"}],"inLanguage":"pl-PL"},{"@type":"Organization","@id":"https:\/\/nszzpwsrp.pl\/sample-page\/#organization","name":"NSZZ Pracownik\u00f3w Wymiaru Sprawiedliwo\u015bci Rzeczypospolitej Polskiej","url":"https:\/\/nszzpwsrp.pl\/sample-page\/","logo":{"@type":"ImageObject","inLanguage":"pl-PL","@id":"https:\/\/nszzpwsrp.pl\/sample-page\/#\/schema\/logo\/image\/","url":"https:\/\/nszzpwsrp.pl\/wp-content\/uploads\/2018\/11\/logo-e1541235346564.png","contentUrl":"https:\/\/nszzpwsrp.pl\/wp-content\/uploads\/2018\/11\/logo-e1541235346564.png","width":250,"height":250,"caption":"NSZZ Pracownik\u00f3w Wymiaru Sprawiedliwo\u015bci Rzeczypospolitej Polskiej"},"image":{"@id":"https:\/\/nszzpwsrp.pl\/sample-page\/#\/schema\/logo\/image\/"}},{"@type":"Person","@id":"https:\/\/nszzpwsrp.pl\/sample-page\/#\/schema\/person\/64b49ea93748f9033e2ea7b0609da7be","name":"admin"}]}},"jetpack_featured_media_url":"https:\/\/nszzpwsrp.pl\/wp-content\/uploads\/2020\/11\/240_F_222496773_UQtOvKCODyVnrTZ3I53YQb6kJKOlOYcj.jpg","jetpack_sharing_enabled":true,"jetpack_shortlink":"https:\/\/wp.me\/patX8E-jf","_links":{"self":[{"href":"https:\/\/nszzpwsrp.pl\/sample-page\/wp-json\/wp\/v2\/posts\/1193"}],"collection":[{"href":"https:\/\/nszzpwsrp.pl\/sample-page\/wp-json\/wp\/v2\/posts"}],"about":[{"href":"https:\/\/nszzpwsrp.pl\/sample-page\/wp-json\/wp\/v2\/types\/post"}],"author":[{"embeddable":true,"href":"https:\/\/nszzpwsrp.pl\/sample-page\/wp-json\/wp\/v2\/users\/1"}],"replies":[{"embeddable":true,"href":"https:\/\/nszzpwsrp.pl\/sample-page\/wp-json\/wp\/v2\/comments?post=1193"}],"version-history":[{"count":12,"href":"https:\/\/nszzpwsrp.pl\/sample-page\/wp-json\/wp\/v2\/posts\/1193\/revisions"}],"predecessor-version":[{"id":1213,"href":"https:\/\/nszzpwsrp.pl\/sample-page\/wp-json\/wp\/v2\/posts\/1193\/revisions\/1213"}],"wp:featuredmedia":[{"embeddable":true,"href":"https:\/\/nszzpwsrp.pl\/sample-page\/wp-json\/wp\/v2\/media\/1074"}],"wp:attachment":[{"href":"https:\/\/nszzpwsrp.pl\/sample-page\/wp-json\/wp\/v2\/media?parent=1193"}],"wp:term":[{"taxonomy":"category","embeddable":true,"href":"https:\/\/nszzpwsrp.pl\/sample-page\/wp-json\/wp\/v2\/categories?post=1193"},{"taxonomy":"post_tag","embeddable":true,"href":"https:\/\/nszzpwsrp.pl\/sample-page\/wp-json\/wp\/v2\/tags?post=1193"}],"curies":[{"name":"wp","href":"https:\/\/api.w.org\/{rel}","templated":true}]}}