{"id":1066,"date":"2020-11-06T12:05:01","date_gmt":"2020-11-06T12:05:01","guid":{"rendered":"https:\/\/nszzpwsrp.pl\/sample-page\/?p=1066"},"modified":"2020-11-06T12:18:39","modified_gmt":"2020-11-06T12:18:39","slug":"kolejne-monity-nszz-pws-rp-dotyczace-uruchomienia-srodkow-na-podwyzki-wynagrodzen-w-grupie-kuratorow-sadowych","status":"publish","type":"post","link":"https:\/\/nszzpwsrp.pl\/sample-page\/blog\/2020\/11\/06\/kolejne-monity-nszz-pws-rp-dotyczace-uruchomienia-srodkow-na-podwyzki-wynagrodzen-w-grupie-kuratorow-sadowych\/","title":{"rendered":"Kolejne monity NSZZ PWS RP dotycz\u0105ce uruchomienia \u015brodk\u00f3w na podwy\u017cki wynagrodze\u0144 w grupie kurator\u00f3w s\u0105dowych"},"content":{"rendered":"\t\t<div data-elementor-type=\"wp-post\" data-elementor-id=\"1066\" class=\"elementor elementor-1066\">\n\t\t\t\t\t\t<div class=\"elementor-inner\">\n\t\t\t\t<div class=\"elementor-section-wrap\">\n\t\t\t\t\t\t\t\t\t<section class=\"elementor-section elementor-top-section elementor-element elementor-element-45038c4 elementor-section-boxed elementor-section-height-default elementor-section-height-default\" data-id=\"45038c4\" data-element_type=\"section\">\n\t\t\t\t\t\t<div class=\"elementor-container elementor-column-gap-default\">\n\t\t\t\t\t\t\t<div class=\"elementor-row\">\n\t\t\t\t\t<div class=\"elementor-column elementor-col-100 elementor-top-column elementor-element elementor-element-e1bb5a2\" data-id=\"e1bb5a2\" data-element_type=\"column\">\n\t\t\t<div class=\"elementor-column-wrap elementor-element-populated\">\n\t\t\t\t\t\t\t<div class=\"elementor-widget-wrap\">\n\t\t\t\t\t\t<div class=\"elementor-element elementor-element-e049da8 elementor-widget elementor-widget-text-editor\" data-id=\"e049da8\" data-element_type=\"widget\" data-widget_type=\"text-editor.default\">\n\t\t\t\t<div class=\"elementor-widget-container\">\n\t\t\t\t\t\t\t\t<div class=\"elementor-text-editor elementor-clearfix\">\n\t\t\t\t<ol><li><a href=\"https:\/\/nszzpwsrp.pl\/wp-content\/uploads\/2020\/11\/2020-11-04_211926-pismo-do-Ministra-Sprawiedliwo\u015bci-Z.z.228-2-2020.pdf\">pismo kierowane do Zbigniewa Ziobry- MS;<\/a><\/li><li><a href=\"https:\/\/nszzpwsrp.pl\/wp-content\/uploads\/2020\/11\/2020-11-04_210721-pismo-do-Premiera-Z.z.228-2-2020.pdf\">pismo kierowane do Mateusza Morawieckiego- KPRM;<\/a><\/li><li><a href=\"https:\/\/nszzpwsrp.pl\/wp-content\/uploads\/2020\/11\/2020-11-04_211539-pismo-do-Ministra-Finans\u00f3w.pdf\">pismo kierowane do Tadeusza Ko\u015bci\u0144skiego- MFFiPR<\/a>.<\/li><\/ol>\t\t\t\t\t<\/div>\n\t\t\t\t\t\t<\/div>\n\t\t\t\t<\/div>\n\t\t\t\t\t\t<\/div>\n\t\t\t\t\t<\/div>\n\t\t<\/div>\n\t\t\t\t\t\t\t\t<\/div>\n\t\t\t\t\t<\/div>\n\t\t<\/section>\n\t\t\t\t\t\t\t\t\t<\/div>\n\t\t\t<\/div>\n\t\t\t\t\t<\/div>\n\t\t","protected":false},"excerpt":{"rendered":"<p>pismo kierowane do Zbigniewa Ziobry- MS; pismo kierowane do Mateusza Morawieckiego- KPRM; pismo kierowane do Tadeusza Ko\u015bci\u0144skiego- MFFiPR.<\/p>\n","protected":false},"author":1,"featured_media":837,"comment_status":"open","ping_status":"open","sticky":false,"template":"","format":"standard","meta":{"_bbp_topic_count":0,"_bbp_reply_count":0,"_bbp_total_topic_count":0,"_bbp_total_reply_count":0,"_bbp_voice_count":0,"_bbp_anonymous_reply_count":0,"_bbp_topic_count_hidden":0,"_bbp_reply_count_hidden":0,"_bbp_forum_subforum_count":0,"_jetpack_newsletter_access":""},"categories":[1],"tags":[],"yoast_head":"<!-- This site is optimized with the Yoast SEO plugin v19.11 - https:\/\/yoast.com\/wordpress\/plugins\/seo\/ -->\n<title>Kolejne monity NSZZ PWS RP dotycz\u0105ce uruchomienia \u015brodk\u00f3w na podwy\u017cki wynagrodze\u0144 w grupie kurator\u00f3w s\u0105dowych - NSZZ Pracownik\u00f3w Wymiaru Sprawiedliwo\u015bci RP<\/title>\n<meta name=\"robots\" content=\"index, follow, max-snippet:-1, max-image-preview:large, max-video-preview:-1\" \/>\n<link rel=\"canonical\" href=\"https:\/\/nszzpwsrp.pl\/sample-page\/blog\/2020\/11\/06\/kolejne-monity-nszz-pws-rp-dotyczace-uruchomienia-srodkow-na-podwyzki-wynagrodzen-w-grupie-kuratorow-sadowych\/\" \/>\n<meta property=\"og:locale\" content=\"pl_PL\" \/>\n<meta property=\"og:type\" content=\"article\" \/>\n<meta property=\"og:title\" content=\"Kolejne monity NSZZ PWS RP dotycz\u0105ce uruchomienia \u015brodk\u00f3w na podwy\u017cki wynagrodze\u0144 w grupie kurator\u00f3w s\u0105dowych - NSZZ Pracownik\u00f3w Wymiaru Sprawiedliwo\u015bci RP\" \/>\n<meta property=\"og:description\" content=\"pismo kierowane do Zbigniewa Ziobry- MS; pismo kierowane do Mateusza Morawieckiego- KPRM; pismo kierowane do Tadeusza Ko\u015bci\u0144skiego- MFFiPR.\" \/>\n<meta property=\"og:url\" content=\"https:\/\/nszzpwsrp.pl\/sample-page\/blog\/2020\/11\/06\/kolejne-monity-nszz-pws-rp-dotyczace-uruchomienia-srodkow-na-podwyzki-wynagrodzen-w-grupie-kuratorow-sadowych\/\" \/>\n<meta property=\"og:site_name\" content=\"NSZZ Pracownik\u00f3w Wymiaru Sprawiedliwo\u015bci RP\" \/>\n<meta property=\"article:published_time\" content=\"2020-11-06T12:05:01+00:00\" \/>\n<meta property=\"article:modified_time\" content=\"2020-11-06T12:18:39+00:00\" \/>\n<meta property=\"og:image\" content=\"https:\/\/nszzpwsrp.pl\/wp-content\/uploads\/2019\/11\/dyrektor-e1574960907169.png\" \/>\n\t<meta property=\"og:image:width\" content=\"100\" \/>\n\t<meta property=\"og:image:height\" content=\"122\" \/>\n\t<meta property=\"og:image:type\" content=\"image\/png\" \/>\n<meta name=\"author\" content=\"admin\" \/>\n<meta name=\"twitter:card\" content=\"summary_large_image\" \/>\n<meta name=\"twitter:label1\" content=\"Napisane przez\" \/>\n\t<meta name=\"twitter:data1\" content=\"admin\" \/>\n<script type=\"application\/ld+json\" class=\"yoast-schema-graph\">{\"@context\":\"https:\/\/schema.org\",\"@graph\":[{\"@type\":\"Article\",\"@id\":\"https:\/\/nszzpwsrp.pl\/sample-page\/blog\/2020\/11\/06\/kolejne-monity-nszz-pws-rp-dotyczace-uruchomienia-srodkow-na-podwyzki-wynagrodzen-w-grupie-kuratorow-sadowych\/#article\",\"isPartOf\":{\"@id\":\"https:\/\/nszzpwsrp.pl\/sample-page\/blog\/2020\/11\/06\/kolejne-monity-nszz-pws-rp-dotyczace-uruchomienia-srodkow-na-podwyzki-wynagrodzen-w-grupie-kuratorow-sadowych\/\"},\"author\":{\"name\":\"admin\",\"@id\":\"https:\/\/nszzpwsrp.pl\/sample-page\/#\/schema\/person\/64b49ea93748f9033e2ea7b0609da7be\"},\"headline\":\"Kolejne monity NSZZ PWS RP dotycz\u0105ce uruchomienia \u015brodk\u00f3w na podwy\u017cki wynagrodze\u0144 w grupie kurator\u00f3w s\u0105dowych\",\"datePublished\":\"2020-11-06T12:05:01+00:00\",\"dateModified\":\"2020-11-06T12:18:39+00:00\",\"mainEntityOfPage\":{\"@id\":\"https:\/\/nszzpwsrp.pl\/sample-page\/blog\/2020\/11\/06\/kolejne-monity-nszz-pws-rp-dotyczace-uruchomienia-srodkow-na-podwyzki-wynagrodzen-w-grupie-kuratorow-sadowych\/\"},\"wordCount\":40,\"commentCount\":0,\"publisher\":{\"@id\":\"https:\/\/nszzpwsrp.pl\/sample-page\/#organization\"},\"articleSection\":[\"NSZZ PWS RP\"],\"inLanguage\":\"pl-PL\",\"potentialAction\":[{\"@type\":\"CommentAction\",\"name\":\"Comment\",\"target\":[\"https:\/\/nszzpwsrp.pl\/sample-page\/blog\/2020\/11\/06\/kolejne-monity-nszz-pws-rp-dotyczace-uruchomienia-srodkow-na-podwyzki-wynagrodzen-w-grupie-kuratorow-sadowych\/#respond\"]}]},{\"@type\":\"WebPage\",\"@id\":\"https:\/\/nszzpwsrp.pl\/sample-page\/blog\/2020\/11\/06\/kolejne-monity-nszz-pws-rp-dotyczace-uruchomienia-srodkow-na-podwyzki-wynagrodzen-w-grupie-kuratorow-sadowych\/\",\"url\":\"https:\/\/nszzpwsrp.pl\/sample-page\/blog\/2020\/11\/06\/kolejne-monity-nszz-pws-rp-dotyczace-uruchomienia-srodkow-na-podwyzki-wynagrodzen-w-grupie-kuratorow-sadowych\/\",\"name\":\"Kolejne monity NSZZ PWS RP dotycz\u0105ce uruchomienia \u015brodk\u00f3w na podwy\u017cki wynagrodze\u0144 w grupie kurator\u00f3w s\u0105dowych - NSZZ Pracownik\u00f3w Wymiaru Sprawiedliwo\u015bci RP\",\"isPartOf\":{\"@id\":\"https:\/\/nszzpwsrp.pl\/sample-page\/#website\"},\"datePublished\":\"2020-11-06T12:05:01+00:00\",\"dateModified\":\"2020-11-06T12:18:39+00:00\",\"breadcrumb\":{\"@id\":\"https:\/\/nszzpwsrp.pl\/sample-page\/blog\/2020\/11\/06\/kolejne-monity-nszz-pws-rp-dotyczace-uruchomienia-srodkow-na-podwyzki-wynagrodzen-w-grupie-kuratorow-sadowych\/#breadcrumb\"},\"inLanguage\":\"pl-PL\",\"potentialAction\":[{\"@type\":\"ReadAction\",\"target\":[\"https:\/\/nszzpwsrp.pl\/sample-page\/blog\/2020\/11\/06\/kolejne-monity-nszz-pws-rp-dotyczace-uruchomienia-srodkow-na-podwyzki-wynagrodzen-w-grupie-kuratorow-sadowych\/\"]}]},{\"@type\":\"BreadcrumbList\",\"@id\":\"https:\/\/nszzpwsrp.pl\/sample-page\/blog\/2020\/11\/06\/kolejne-monity-nszz-pws-rp-dotyczace-uruchomienia-srodkow-na-podwyzki-wynagrodzen-w-grupie-kuratorow-sadowych\/#breadcrumb\",\"itemListElement\":[{\"@type\":\"ListItem\",\"position\":1,\"name\":\"Strona g\u0142\u00f3wna\",\"item\":\"https:\/\/nszzpwsrp.pl\/sample-page\/\"},{\"@type\":\"ListItem\",\"position\":2,\"name\":\"Kolejne monity NSZZ PWS RP dotycz\u0105ce uruchomienia \u015brodk\u00f3w na podwy\u017cki wynagrodze\u0144 w grupie kurator\u00f3w s\u0105dowych\"}]},{\"@type\":\"WebSite\",\"@id\":\"https:\/\/nszzpwsrp.pl\/sample-page\/#website\",\"url\":\"https:\/\/nszzpwsrp.pl\/sample-page\/\",\"name\":\"NSZZ Pracownik\u00f3w Wymiaru Sprawiedliwo\u015bci Rzeczypospolitej Polskiej\",\"description\":\"sta\u0142y cz\u0142onek Og\u00f3lnopolskiego Porozumienia Zwi\u0105zk\u00f3w Zawodowych i Europejskiej Konfederacji Zwi\u0105zk\u00f3w Zawodowych\",\"publisher\":{\"@id\":\"https:\/\/nszzpwsrp.pl\/sample-page\/#organization\"},\"potentialAction\":[{\"@type\":\"SearchAction\",\"target\":{\"@type\":\"EntryPoint\",\"urlTemplate\":\"https:\/\/nszzpwsrp.pl\/sample-page\/?s={search_term_string}\"},\"query-input\":\"required name=search_term_string\"}],\"inLanguage\":\"pl-PL\"},{\"@type\":\"Organization\",\"@id\":\"https:\/\/nszzpwsrp.pl\/sample-page\/#organization\",\"name\":\"NSZZ Pracownik\u00f3w Wymiaru Sprawiedliwo\u015bci Rzeczypospolitej Polskiej\",\"url\":\"https:\/\/nszzpwsrp.pl\/sample-page\/\",\"logo\":{\"@type\":\"ImageObject\",\"inLanguage\":\"pl-PL\",\"@id\":\"https:\/\/nszzpwsrp.pl\/sample-page\/#\/schema\/logo\/image\/\",\"url\":\"https:\/\/nszzpwsrp.pl\/wp-content\/uploads\/2018\/11\/logo-e1541235346564.png\",\"contentUrl\":\"https:\/\/nszzpwsrp.pl\/wp-content\/uploads\/2018\/11\/logo-e1541235346564.png\",\"width\":250,\"height\":250,\"caption\":\"NSZZ Pracownik\u00f3w Wymiaru Sprawiedliwo\u015bci Rzeczypospolitej Polskiej\"},\"image\":{\"@id\":\"https:\/\/nszzpwsrp.pl\/sample-page\/#\/schema\/logo\/image\/\"}},{\"@type\":\"Person\",\"@id\":\"https:\/\/nszzpwsrp.pl\/sample-page\/#\/schema\/person\/64b49ea93748f9033e2ea7b0609da7be\",\"name\":\"admin\"}]}<\/script>\n<!-- \/ Yoast SEO plugin. -->","yoast_head_json":{"title":"Kolejne monity NSZZ PWS RP dotycz\u0105ce uruchomienia \u015brodk\u00f3w na podwy\u017cki wynagrodze\u0144 w grupie kurator\u00f3w s\u0105dowych - NSZZ Pracownik\u00f3w Wymiaru Sprawiedliwo\u015bci RP","robots":{"index":"index","follow":"follow","max-snippet":"max-snippet:-1","max-image-preview":"max-image-preview:large","max-video-preview":"max-video-preview:-1"},"canonical":"https:\/\/nszzpwsrp.pl\/sample-page\/blog\/2020\/11\/06\/kolejne-monity-nszz-pws-rp-dotyczace-uruchomienia-srodkow-na-podwyzki-wynagrodzen-w-grupie-kuratorow-sadowych\/","og_locale":"pl_PL","og_type":"article","og_title":"Kolejne monity NSZZ PWS RP dotycz\u0105ce uruchomienia \u015brodk\u00f3w na podwy\u017cki wynagrodze\u0144 w grupie kurator\u00f3w s\u0105dowych - NSZZ Pracownik\u00f3w Wymiaru Sprawiedliwo\u015bci RP","og_description":"pismo kierowane do Zbigniewa Ziobry- MS; pismo kierowane do Mateusza Morawieckiego- KPRM; pismo kierowane do Tadeusza Ko\u015bci\u0144skiego- MFFiPR.","og_url":"https:\/\/nszzpwsrp.pl\/sample-page\/blog\/2020\/11\/06\/kolejne-monity-nszz-pws-rp-dotyczace-uruchomienia-srodkow-na-podwyzki-wynagrodzen-w-grupie-kuratorow-sadowych\/","og_site_name":"NSZZ Pracownik\u00f3w Wymiaru Sprawiedliwo\u015bci RP","article_published_time":"2020-11-06T12:05:01+00:00","article_modified_time":"2020-11-06T12:18:39+00:00","og_image":[{"width":100,"height":122,"url":"https:\/\/nszzpwsrp.pl\/wp-content\/uploads\/2019\/11\/dyrektor-e1574960907169.png","type":"image\/png"}],"author":"admin","twitter_card":"summary_large_image","twitter_misc":{"Napisane przez":"admin"},"schema":{"@context":"https:\/\/schema.org","@graph":[{"@type":"Article","@id":"https:\/\/nszzpwsrp.pl\/sample-page\/blog\/2020\/11\/06\/kolejne-monity-nszz-pws-rp-dotyczace-uruchomienia-srodkow-na-podwyzki-wynagrodzen-w-grupie-kuratorow-sadowych\/#article","isPartOf":{"@id":"https:\/\/nszzpwsrp.pl\/sample-page\/blog\/2020\/11\/06\/kolejne-monity-nszz-pws-rp-dotyczace-uruchomienia-srodkow-na-podwyzki-wynagrodzen-w-grupie-kuratorow-sadowych\/"},"author":{"name":"admin","@id":"https:\/\/nszzpwsrp.pl\/sample-page\/#\/schema\/person\/64b49ea93748f9033e2ea7b0609da7be"},"headline":"Kolejne monity NSZZ PWS RP dotycz\u0105ce uruchomienia \u015brodk\u00f3w na podwy\u017cki wynagrodze\u0144 w grupie kurator\u00f3w s\u0105dowych","datePublished":"2020-11-06T12:05:01+00:00","dateModified":"2020-11-06T12:18:39+00:00","mainEntityOfPage":{"@id":"https:\/\/nszzpwsrp.pl\/sample-page\/blog\/2020\/11\/06\/kolejne-monity-nszz-pws-rp-dotyczace-uruchomienia-srodkow-na-podwyzki-wynagrodzen-w-grupie-kuratorow-sadowych\/"},"wordCount":40,"commentCount":0,"publisher":{"@id":"https:\/\/nszzpwsrp.pl\/sample-page\/#organization"},"articleSection":["NSZZ PWS RP"],"inLanguage":"pl-PL","potentialAction":[{"@type":"CommentAction","name":"Comment","target":["https:\/\/nszzpwsrp.pl\/sample-page\/blog\/2020\/11\/06\/kolejne-monity-nszz-pws-rp-dotyczace-uruchomienia-srodkow-na-podwyzki-wynagrodzen-w-grupie-kuratorow-sadowych\/#respond"]}]},{"@type":"WebPage","@id":"https:\/\/nszzpwsrp.pl\/sample-page\/blog\/2020\/11\/06\/kolejne-monity-nszz-pws-rp-dotyczace-uruchomienia-srodkow-na-podwyzki-wynagrodzen-w-grupie-kuratorow-sadowych\/","url":"https:\/\/nszzpwsrp.pl\/sample-page\/blog\/2020\/11\/06\/kolejne-monity-nszz-pws-rp-dotyczace-uruchomienia-srodkow-na-podwyzki-wynagrodzen-w-grupie-kuratorow-sadowych\/","name":"Kolejne monity NSZZ PWS RP dotycz\u0105ce uruchomienia \u015brodk\u00f3w na podwy\u017cki wynagrodze\u0144 w grupie kurator\u00f3w s\u0105dowych - NSZZ Pracownik\u00f3w Wymiaru Sprawiedliwo\u015bci RP","isPartOf":{"@id":"https:\/\/nszzpwsrp.pl\/sample-page\/#website"},"datePublished":"2020-11-06T12:05:01+00:00","dateModified":"2020-11-06T12:18:39+00:00","breadcrumb":{"@id":"https:\/\/nszzpwsrp.pl\/sample-page\/blog\/2020\/11\/06\/kolejne-monity-nszz-pws-rp-dotyczace-uruchomienia-srodkow-na-podwyzki-wynagrodzen-w-grupie-kuratorow-sadowych\/#breadcrumb"},"inLanguage":"pl-PL","potentialAction":[{"@type":"ReadAction","target":["https:\/\/nszzpwsrp.pl\/sample-page\/blog\/2020\/11\/06\/kolejne-monity-nszz-pws-rp-dotyczace-uruchomienia-srodkow-na-podwyzki-wynagrodzen-w-grupie-kuratorow-sadowych\/"]}]},{"@type":"BreadcrumbList","@id":"https:\/\/nszzpwsrp.pl\/sample-page\/blog\/2020\/11\/06\/kolejne-monity-nszz-pws-rp-dotyczace-uruchomienia-srodkow-na-podwyzki-wynagrodzen-w-grupie-kuratorow-sadowych\/#breadcrumb","itemListElement":[{"@type":"ListItem","position":1,"name":"Strona g\u0142\u00f3wna","item":"https:\/\/nszzpwsrp.pl\/sample-page\/"},{"@type":"ListItem","position":2,"name":"Kolejne monity NSZZ PWS RP dotycz\u0105ce uruchomienia \u015brodk\u00f3w na podwy\u017cki wynagrodze\u0144 w grupie kurator\u00f3w s\u0105dowych"}]},{"@type":"WebSite","@id":"https:\/\/nszzpwsrp.pl\/sample-page\/#website","url":"https:\/\/nszzpwsrp.pl\/sample-page\/","name":"NSZZ Pracownik\u00f3w Wymiaru Sprawiedliwo\u015bci Rzeczypospolitej Polskiej","description":"sta\u0142y cz\u0142onek Og\u00f3lnopolskiego Porozumienia Zwi\u0105zk\u00f3w Zawodowych i Europejskiej Konfederacji Zwi\u0105zk\u00f3w Zawodowych","publisher":{"@id":"https:\/\/nszzpwsrp.pl\/sample-page\/#organization"},"potentialAction":[{"@type":"SearchAction","target":{"@type":"EntryPoint","urlTemplate":"https:\/\/nszzpwsrp.pl\/sample-page\/?s={search_term_string}"},"query-input":"required name=search_term_string"}],"inLanguage":"pl-PL"},{"@type":"Organization","@id":"https:\/\/nszzpwsrp.pl\/sample-page\/#organization","name":"NSZZ Pracownik\u00f3w Wymiaru Sprawiedliwo\u015bci Rzeczypospolitej Polskiej","url":"https:\/\/nszzpwsrp.pl\/sample-page\/","logo":{"@type":"ImageObject","inLanguage":"pl-PL","@id":"https:\/\/nszzpwsrp.pl\/sample-page\/#\/schema\/logo\/image\/","url":"https:\/\/nszzpwsrp.pl\/wp-content\/uploads\/2018\/11\/logo-e1541235346564.png","contentUrl":"https:\/\/nszzpwsrp.pl\/wp-content\/uploads\/2018\/11\/logo-e1541235346564.png","width":250,"height":250,"caption":"NSZZ Pracownik\u00f3w Wymiaru Sprawiedliwo\u015bci Rzeczypospolitej Polskiej"},"image":{"@id":"https:\/\/nszzpwsrp.pl\/sample-page\/#\/schema\/logo\/image\/"}},{"@type":"Person","@id":"https:\/\/nszzpwsrp.pl\/sample-page\/#\/schema\/person\/64b49ea93748f9033e2ea7b0609da7be","name":"admin"}]}},"jetpack_featured_media_url":"https:\/\/nszzpwsrp.pl\/wp-content\/uploads\/2019\/11\/dyrektor-e1574960907169.png","jetpack_sharing_enabled":true,"jetpack_shortlink":"https:\/\/wp.me\/patX8E-hc","_links":{"self":[{"href":"https:\/\/nszzpwsrp.pl\/sample-page\/wp-json\/wp\/v2\/posts\/1066"}],"collection":[{"href":"https:\/\/nszzpwsrp.pl\/sample-page\/wp-json\/wp\/v2\/posts"}],"about":[{"href":"https:\/\/nszzpwsrp.pl\/sample-page\/wp-json\/wp\/v2\/types\/post"}],"author":[{"embeddable":true,"href":"https:\/\/nszzpwsrp.pl\/sample-page\/wp-json\/wp\/v2\/users\/1"}],"replies":[{"embeddable":true,"href":"https:\/\/nszzpwsrp.pl\/sample-page\/wp-json\/wp\/v2\/comments?post=1066"}],"version-history":[{"count":5,"href":"https:\/\/nszzpwsrp.pl\/sample-page\/wp-json\/wp\/v2\/posts\/1066\/revisions"}],"predecessor-version":[{"id":1072,"href":"https:\/\/nszzpwsrp.pl\/sample-page\/wp-json\/wp\/v2\/posts\/1066\/revisions\/1072"}],"wp:featuredmedia":[{"embeddable":true,"href":"https:\/\/nszzpwsrp.pl\/sample-page\/wp-json\/wp\/v2\/media\/837"}],"wp:attachment":[{"href":"https:\/\/nszzpwsrp.pl\/sample-page\/wp-json\/wp\/v2\/media?parent=1066"}],"wp:term":[{"taxonomy":"category","embeddable":true,"href":"https:\/\/nszzpwsrp.pl\/sample-page\/wp-json\/wp\/v2\/categories?post=1066"},{"taxonomy":"post_tag","embeddable":true,"href":"https:\/\/nszzpwsrp.pl\/sample-page\/wp-json\/wp\/v2\/tags?post=1066"}],"curies":[{"name":"wp","href":"https:\/\/api.w.org\/{rel}","templated":true}]}}